{"id":10264,"date":"2024-04-27T23:13:08","date_gmt":"2024-04-28T06:13:08","guid":{"rendered":"https:\/\/www.regioncuatronoticias.com\/?p=10264"},"modified":"2024-04-27T23:13:10","modified_gmt":"2024-04-28T06:13:10","slug":"militantes-y-simpatizantes-de-12-municipios-de-la-sierra-alta-de-sonora-manifiestan-su-respaldo-total-a-beltrones","status":"publish","type":"post","link":"https:\/\/www.regioncuatronoticias.com\/index.php\/2024\/04\/27\/militantes-y-simpatizantes-de-12-municipios-de-la-sierra-alta-de-sonora-manifiestan-su-respaldo-total-a-beltrones\/","title":{"rendered":"Militantes y simpatizantes de 12 municipios de la Sierra Alta de Sonora, manifiestan su respaldo total a Beltrones"},"content":{"rendered":"\n<p>-En Moctezuma, puerta a la sierra alta de a Sonora,&nbsp; fue el punto de reuni\u00f3n que se convirti\u00f3 en una gran fiesta, en donde los pobladores se manifestaron a favor del Candidato al Senado<\/p>\n\n\n\n<p>-\u201cNo conozco en la historia de Sonora a un pol\u00edtico que haya mandado tantos recursos y haya tenido tanta generosidad para nuestra tierra, s\u00e9 que desde el senado puedes hacer mucho por nosotros, han desparecido los programas al campo, estamos en manos de ustedes y lo vamos a llevar al Senado\u201d, manifest\u00f3 Francisco Arnoldo&nbsp;&nbsp; Monge Araiza, Candidato a la presidencia Municipal de Moctezuma.<\/p>\n\n\n\n<p>Moctezuma, abril 26 de 2024.- Por ser un pol\u00edtico sonorense&nbsp; con historia de resultados para la sierra alta de Sonora, militantes y simpatizantes de 12 municipios de la sierra alta de Sonora brindaron su respaldo al&nbsp; candidato al senado, Manlio Fabio Beltrones.<\/p>\n\n\n\n<p>\u201cLa sierra sonorense lo apoya convencida que usted es la persona indicada para representarnos en el Senado por su capacidad y conocimiento\u201d, asegur\u00f3 la candidata a la presidencia municipal de Nacori Chico, Karla Burgos.<\/p>\n\n\n\n<p>A su vez el aspirante a la presidencia municipal de Moctezuma, Francisco Arnaldo Monge Araiza mejor conocido como \u201cPancho Platas\u201d dijo que ning\u00fan otro pol\u00edtico ha gestionado tantos recursos federales a Sonora como Manlio Fabio Beltrones y en estos tiempos dif\u00edciles, la regi\u00f3n de la sierra lo necesita en el Senado.<\/p>\n\n\n\n<p>\u201cNo conozco en la historia de Sonora a un pol\u00edtico que haya mandado tantos recursos y haya tenido tanta generosidad para nuestra tierra, s\u00e9 que desde el senado puedes hacer mucho por nosotros, han desparecido los programas al campo, estamos en manos de ustedes\u201d, manifest\u00f3.<\/p>\n\n\n\n<p><strong>NO LES VAMOS A FALLAR; MANLIO FABIO BELTRONES<\/strong><\/p>\n\n\n\n<p>\u201cVenimos a Moctezuma a comprometernos y no les vamos a fallar, nunca lo hemos hecho y no ser\u00e1 la primera ocasi\u00f3n, vamos a cumplir\u201d, asegur\u00f3 en respuesta a este respaldo ciudadano, el candidato al Senado, Manlio Fabio Beltrones.<\/p>\n\n\n\n<p>Lament\u00f3 que esta regi\u00f3n este hoy en estado de abandono total al retirarles los presupuestos al campo y a la ganader\u00eda y dejarlos en el abandono cuando es la principal actividad de quienes aqu\u00ed viven.<\/p>\n\n\n\n<p>\u201cVamos a gestionar presupuestos federales para reactivar los programas agr\u00edcolas, ganaderos y de infraestructura en servicios de agua, electricidad y caminos en los municipios de la sierra alta de Sonora\u201d, ese es el compromiso dijo Beltrones Rivera.<\/p>\n\n\n\n<p>Envi\u00f3 un mensaje de unidad y esperanza a todas las familias, hombres y mujeres de esta regi\u00f3n de que los temas planteados y sus necesidades en temas de agua potable, electrificaci\u00f3n, rehabilitaci\u00f3n de caminos y presupuestos al campo y la ganader\u00eda se pueden resolver si van todos juntos a la elecci\u00f3n este 2 de junio.<\/p>\n\n\n\n<p>Asistieron los candidatos a las presidencias municipales de Bavispe, Bacerac, Bacadehuachi, Granados, Huasabas, Nacori Chico, Tepache, Divisaderos, Ures, Cumpas, Moctezuma y Nacozari.<\/p>\n\n\n\n<p>Adem\u00e1s&nbsp; el candidato a la diputaci\u00f3n federal por el distrito 04, Javier Dagnino y la candidata a diputada local por el distrito VII, Andrea Celeste Ramos.<\/p>\n","protected":false},"excerpt":{"rendered":"<p>-En Moctezuma, puerta a la sierra alta de a Sonora,&nbsp; fue el punto de reuni\u00f3n que se convirti\u00f3 en una gran fiesta, en donde los pobladores se manifestaron a favor del Candidato al Senado -\u201cNo conozco en la historia de Sonora a un pol\u00edtico que haya mandado tantos recursos y haya tenido tanta generosidad para [&hellip;]<\/p>\n","protected":false},"author":1,"featured_media":10265,"comment_status":"open","ping_status":"open","sticky":false,"template":"","format":"standard","meta":{"content-type":"","footnotes":""},"categories":[123,9],"tags":[],"class_list":{"0":"post-10264","1":"post","2":"type-post","3":"status-publish","4":"format-standard","5":"has-post-thumbnail","7":"category-elecciones2024","8":"category-sonora"},"_links":{"self":[{"href":"https:\/\/www.regioncuatronoticias.com\/index.php\/wp-json\/wp\/v2\/posts\/10264","targetHints":{"allow":["GET"]}}],"collection":[{"href":"https:\/\/www.regioncuatronoticias.com\/index.php\/wp-json\/wp\/v2\/posts"}],"about":[{"href":"https:\/\/www.regioncuatronoticias.com\/index.php\/wp-json\/wp\/v2\/types\/post"}],"author":[{"embeddable":true,"href":"https:\/\/www.regioncuatronoticias.com\/index.php\/wp-json\/wp\/v2\/users\/1"}],"replies":[{"embeddable":true,"href":"https:\/\/www.regioncuatronoticias.com\/index.php\/wp-json\/wp\/v2\/comments?post=10264"}],"version-history":[{"count":1,"href":"https:\/\/www.regioncuatronoticias.com\/index.php\/wp-json\/wp\/v2\/posts\/10264\/revisions"}],"predecessor-version":[{"id":10266,"href":"https:\/\/www.regioncuatronoticias.com\/index.php\/wp-json\/wp\/v2\/posts\/10264\/revisions\/10266"}],"wp:featuredmedia":[{"embeddable":true,"href":"https:\/\/www.regioncuatronoticias.com\/index.php\/wp-json\/wp\/v2\/media\/10265"}],"wp:attachment":[{"href":"https:\/\/www.regioncuatronoticias.com\/index.php\/wp-json\/wp\/v2\/media?parent=10264"}],"wp:term":[{"taxonomy":"category","embeddable":true,"href":"https:\/\/www.regioncuatronoticias.com\/index.php\/wp-json\/wp\/v2\/categories?post=10264"},{"taxonomy":"post_tag","embeddable":true,"href":"https:\/\/www.regioncuatronoticias.com\/index.php\/wp-json\/wp\/v2\/tags?post=10264"}],"curies":[{"name":"wp","href":"https:\/\/api.w.org\/{rel}","templated":true}]}}