{"id":10230,"date":"2024-04-26T10:43:32","date_gmt":"2024-04-26T17:43:32","guid":{"rendered":"https:\/\/www.regioncuatronoticias.com\/?p=10230"},"modified":"2024-04-26T10:43:35","modified_gmt":"2024-04-26T17:43:35","slug":"natalia-escalera-el-futuro-de-la-gimnasia-artistica-mexicana","status":"publish","type":"post","link":"https:\/\/www.regioncuatronoticias.com\/index.php\/2024\/04\/26\/natalia-escalera-el-futuro-de-la-gimnasia-artistica-mexicana\/","title":{"rendered":"Natalia Escalera, el futuro de la gimnasia art\u00edstica mexicana"},"content":{"rendered":"\n<p>Natalia Escalera es el futuro de la gimnasia art\u00edstica en M\u00e9xico. Sin titubear lo asegura Pavel Oceguera, primer entrenador mexicano en clasificar a gimnastas ol\u00edmpicos en la rama varonil y femenil. Desde que Escalera se puso bajo la tutela de Oceguera han pasado casi 13 a\u00f1os. La progresi\u00f3n ha ido en ascenso, pese a las limitaciones con las que entrena. Aun remando contracorriente, la atleta fue notificada recientemente de su participaci\u00f3n en los pr\u00f3ximos Juegos Ol\u00edmpicos. A sus casi 21 a\u00f1os, y con todo el tiempo por delante, el camino de Escalera es prometedor.<\/p>\n\n\n\n<p><q>A su corta edad es l\u00f3gico que tengamos grandes expectativas<\/q>, se\u00f1al\u00f3 Oceguera.<\/p>\n\n\n\n<p>La mejor manera de entenderlo es a trav\u00e9s de su competitividad. Muestra de ello son los enfrentamientos directos que ha tenido con Alexa Moreno y Ahtziri Sandoval, el otro par de gimnastas que representar\u00e1n a M\u00e9xico en Par\u00eds 2024.<\/p>\n\n\n\n<p><q>En los seis selectivos m\u00e1s recientes que hubo gan\u00f3 cinco y s\u00f3lo en uno qued\u00f3 en tercer lugar por encima de Alexa y Ahtziri, con mucha experiencia<\/q>.<\/p>\n\n\n\n<p>Aunque el talento fluye por las venas de Escalera, y&nbsp;<q>todo pinta<\/q>&nbsp;para que tome el liderazgo de la selecci\u00f3n, la falta de apoyo ha sido una barrera que ha entorpecido su desarrollo como atleta de alto rendimiento.<\/p>\n\n\n\n<p><q>Natalia no cuenta con un solo aparato oficial de competencia. Todo el equipamiento en el que ella entrena es de los a\u00f1os 80 o 90 y eso a nosotros nos pega mucho cuando vamos a cert\u00e1menes internacionales. Aparte de que no contamos con m\u00e9dico, fisioterapeuta, sic\u00f3logo, nutri\u00f3logo; ella est\u00e1 trabajando con aparatos viejos&nbsp;<\/q>, confes\u00f3 el&nbsp;<em>coach<\/em>.<\/p>\n\n\n\n<p>En comparaci\u00f3n con Moreno y Sandoval, Oceguera, quien tambi\u00e9n funge como su entrenador en la selecci\u00f3n femenil, puntualiza que Escalera es la \u00fanica que no cuenta con esta tecnolog\u00eda.<\/p>\n\n\n\n<p><q>Nos llevan diciendo que el equipamiento va a estar desde hace casi tres a\u00f1os, estamos a cuatro meses de Juegos Ol\u00edmpicos y sigue sin llegar<\/q>, lament\u00f3 Oceguera, quien en su momento tambi\u00e9n llev\u00f3 a clasificar a Daniel Corral a Londres 2012.<\/p>\n\n\n\n<p>Esta idea tambi\u00e9n la comparte Escalera.&nbsp;<q>S\u00ed es una limitante, porque en los Ol\u00edmpicos los aparatos van a ser Gymnova y no cuento con ninguno. Igual siempre me han entrenado con la mentalidad de que en cualquier aparato tengo que hacer mi trabajo, pero s\u00ed que podr\u00eda tener un mejor resultado teniendo estos recursos<\/q>.<\/p>\n\n\n\n<p>Los \u00fanicos estados de la rep\u00fablica que cuentan con instalaciones acordes a las necesidades de la rama femenil son Jalisco y Nuevo Le\u00f3n.<\/p>\n\n\n\n<p><q>Nos han dicho que vayamos a la Ciudad de M\u00e9xico, all\u00e1 en el CNAR, pero est\u00e1 adaptado exclusivamente para la varonil; independientemente de eso, si uno parte a la capital, se complica, porque aqu\u00ed en Ensenada, en el gimnasio, atiendo infantiles, juveniles, mayores, varonil y femenil, y no cuento con auxiliares<\/q>, explica el entrenador.<\/p>\n\n\n\n<p>No es f\u00e1cil competir, asegura, cuando el resto de las grandes potencias s\u00ed cuentan con los materiales necesarios para seguir avanzando. Ejemplifica la ausencia de tecnolog\u00eda con la F\u00f3rmula Uno.<\/p>\n\n\n\n<p>\u201cEl otro d\u00eda me dec\u00eda una autoridad, ponme un ejemplo de por qu\u00e9 es tan determinante el equipamiento y le dije: &#8216;te lo voy a poner f\u00e1cil, el Checo P\u00e9rez ser\u00e1 el Checo P\u00e9rez, pero ponle en estos tiempos un auto de hace 15 a\u00f1os, te aseguro que aunque tenga el talento y sea un gran piloto, no te va a dar el resultado, eso lo garantizo\u2019\u201d, subray\u00f3 Oceguera.&nbsp;<\/p>\n\n\n\n<p>Aun con obst\u00e1culos, Escalera ha recortado distancia ante las grandes potencias. \u201cEn el&nbsp;<em>all around<\/em>, en Campeonato Mundial, qued\u00f3 entre las 21 mejores, pas\u00f3 a varias finales y termin\u00f3 entre las ocho primeras en barras asim\u00e9tricas, en salto de caballo, en manos libres, eso dice mucho de su talento\u201d, puntualiz\u00f3.<\/p>\n\n\n\n<p>La ensenadense se gan\u00f3 el derecho de estar en Par\u00eds tras sus actuaciones en el \u00faltimo a\u00f1o y el comienzo de 2024. El 2023 fue prometedor con preseas en los Juegos Centroamericanos y Panamericanos, y aunque recientemente, en las Copas del Mundo, en Alemania y Azerbaiy\u00e1n, no logr\u00f3 subirse al podio, la tricolor se ubic\u00f3 entre las 10 mejores del orbe en salto de caballo y barras asim\u00e9tricas.<\/p>\n\n\n\n<p>\u201cEl objetivo para ella en la justa parisina, por su juventud, es buscar una final, ya sea en piso o en salto, que son sus fuertes, y quedar en el top 21 en la final del&nbsp;<em>all around<\/em>\u201d.<\/p>\n","protected":false},"excerpt":{"rendered":"<p>Natalia Escalera es el futuro de la gimnasia art\u00edstica en M\u00e9xico. Sin titubear lo asegura Pavel Oceguera, primer entrenador mexicano en clasificar a gimnastas ol\u00edmpicos en la rama varonil y femenil. Desde que Escalera se puso bajo la tutela de Oceguera han pasado casi 13 a\u00f1os. La progresi\u00f3n ha ido en ascenso, pese a las [&hellip;]<\/p>\n","protected":false},"author":1,"featured_media":10231,"comment_status":"open","ping_status":"open","sticky":false,"template":"","format":"standard","meta":{"content-type":"","footnotes":""},"categories":[5],"tags":[],"class_list":{"0":"post-10230","1":"post","2":"type-post","3":"status-publish","4":"format-standard","5":"has-post-thumbnail","7":"category-deportes"},"_links":{"self":[{"href":"https:\/\/www.regioncuatronoticias.com\/index.php\/wp-json\/wp\/v2\/posts\/10230","targetHints":{"allow":["GET"]}}],"collection":[{"href":"https:\/\/www.regioncuatronoticias.com\/index.php\/wp-json\/wp\/v2\/posts"}],"about":[{"href":"https:\/\/www.regioncuatronoticias.com\/index.php\/wp-json\/wp\/v2\/types\/post"}],"author":[{"embeddable":true,"href":"https:\/\/www.regioncuatronoticias.com\/index.php\/wp-json\/wp\/v2\/users\/1"}],"replies":[{"embeddable":true,"href":"https:\/\/www.regioncuatronoticias.com\/index.php\/wp-json\/wp\/v2\/comments?post=10230"}],"version-history":[{"count":1,"href":"https:\/\/www.regioncuatronoticias.com\/index.php\/wp-json\/wp\/v2\/posts\/10230\/revisions"}],"predecessor-version":[{"id":10232,"href":"https:\/\/www.regioncuatronoticias.com\/index.php\/wp-json\/wp\/v2\/posts\/10230\/revisions\/10232"}],"wp:featuredmedia":[{"embeddable":true,"href":"https:\/\/www.regioncuatronoticias.com\/index.php\/wp-json\/wp\/v2\/media\/10231"}],"wp:attachment":[{"href":"https:\/\/www.regioncuatronoticias.com\/index.php\/wp-json\/wp\/v2\/media?parent=10230"}],"wp:term":[{"taxonomy":"category","embeddable":true,"href":"https:\/\/www.regioncuatronoticias.com\/index.php\/wp-json\/wp\/v2\/categories?post=10230"},{"taxonomy":"post_tag","embeddable":true,"href":"https:\/\/www.regioncuatronoticias.com\/index.php\/wp-json\/wp\/v2\/tags?post=10230"}],"curies":[{"name":"wp","href":"https:\/\/api.w.org\/{rel}","templated":true}]}}