{"id":10224,"date":"2024-04-26T10:41:24","date_gmt":"2024-04-26T17:41:24","guid":{"rendered":"https:\/\/www.regioncuatronoticias.com\/?p=10224"},"modified":"2024-04-26T10:41:26","modified_gmt":"2024-04-26T17:41:26","slug":"desde-1982-tadeco-teatro-apuesta-por-el-derecho-de-todos-al-lenguaje-del-arte","status":"publish","type":"post","link":"https:\/\/www.regioncuatronoticias.com\/index.php\/2024\/04\/26\/desde-1982-tadeco-teatro-apuesta-por-el-derecho-de-todos-al-lenguaje-del-arte\/","title":{"rendered":"Desde 1982, Tadeco Teatro apuesta por el derecho de todos al lenguaje del arte"},"content":{"rendered":"\n<p>Hoy actuamos y ma\u00f1ana tenemos que barrer la sala. En un grupo art\u00edstico independiente hay que hacer de todo, m\u00e1xime si en \u00e9l no se monetiza el trabajo, asumen Margarita Hern\u00e1ndez Navarro y Gustavo \u00c1vila, integrantes del consejo directivo de Tadeco Teatro, que este 23 de abril cumpli\u00f3 42 a\u00f1os, y con ello demuestra que la utop\u00eda es posible.<\/p>\n\n\n\n<p>Ambos creadores esc\u00e9nicos son los integrantes con mayor antig\u00fcedad en esa compa\u00f1\u00eda, cuyas presentaciones se sostienen con la cooperaci\u00f3n voluntaria, a partir de la convicci\u00f3n de que el arte no debe de cobrarse.<\/p>\n\n\n\n<p>Ella es parte de la agrupaci\u00f3n desde hace 26 a\u00f1os y \u00e9l desde hace 33. No ha sido un camino sencillo, pero no nos quejamos. Para mantener un proyecto como \u00e9ste se necesita mucho de so\u00f1ador y Quijote, afirma Margarita Hern\u00e1ndez. Y tambi\u00e9n mucho de necedad y resistencia, agrega \u00c1vila.<\/p>\n\n\n\n<p>Tadeco Teatro festejar\u00e1 su aniversario este fin de semana en el Albergue del Arte, su sede desde 2009, ubicado en Alberto Zamora 32, colonia Villa Coyoac\u00e1n. Lo har\u00e1 con el montaje de dos de sus producciones m\u00e1s recientes: El gato manchado y la golondrina Sinh\u00e1 y Ant\u00edgona hoy.<\/p>\n\n\n\n<p>La primera es un espect\u00e1culo de t\u00edteres para todo p\u00fablico, de 2024, y ser\u00e1 presentada hoy a las 18 horas y el domingo a las 14 horas, mientras la segunda, de 2020, basada en el cl\u00e1sico griego, el s\u00e1bado, a las 19:30 horas. Tambi\u00e9n se montar\u00e1 una exposici\u00f3n fotogr\u00e1fica de Ver\u00f3nica Barrag\u00e1n, abierta hasta finales de mayo. La entrada a todo es libre, previa reservaci\u00f3n en el tel\u00e9fono 55-5554-6228.<\/p>\n\n\n\n<p>La compa\u00f1\u00eda naci\u00f3 en 1982 en la capital del pa\u00eds, por iniciativa de Am\u00e9rica y Judith Villavicencio Salgado, trabajadoras del Sindicato Mexicano de Electricistas (SME), quienes se dieron a la tarea de convocar a Juan Manuel Mart\u00ednez, siendo \u00e9ste su primer director art\u00edstico.<\/p>\n\n\n\n<p>A lo largo de m\u00e1s de cuatro d\u00e9cadas esta iniciativa art\u00edstica y educativa se ha enfocado en la creaci\u00f3n esc\u00e9nica, en un contexto comunitario de organizaci\u00f3n horizontal, donde los proyectos son de car\u00e1cter multidisciplinario. De ese trabajo comunitario se deriva su nombre, pues Tadeco es acr\u00f3nimo de taller de la comunidad, explica Margarita Hern\u00e1ndez Navarro.<\/p>\n\n\n\n<p>Proseguimos trabajando como grupo no lucrativo, formando p\u00fablicos solidarios y cr\u00edticos, basados en la investigaci\u00f3n, formaci\u00f3n y aprendizaje a partir de los intercambios con grupos de artes esc\u00e9nicas de todas las latitudes (son miembros de la red iberoamericana Cruzando Fronteras), para seguir compartiendo y retomando el teatro como oficio profesional, apunta.<\/p>\n\n\n\n<p>Para la agrupaci\u00f3n no ha sido sencillo sobrevivir desde las filas de la independencia, sobre todo al no poder establecer un elenco fijo por largo tiempo. Aun as\u00ed, el promedio que mantienen uno es de entre cuatro y cinco a\u00f1os.<\/p>\n\n\n\n<p>Cuenta Gustavo \u00c1vila que cuando \u00e9l se incorpor\u00f3, hace m\u00e1s de tres d\u00e9cadas, hab\u00eda de fijo entre 10 y 15 personas, pero eso se acab\u00f3, sobre todo por razones econ\u00f3micas, pero tambi\u00e9n por falta de motivos; ya no hay vocaci\u00f3n por lo art\u00edstico, lo que importa ahora es ganar dinero.<\/p>\n\n\n\n<p>Otra de las facturas tiene que ver, precisamente, con la escasez de recursos econ\u00f3micos. Empero, Margarita Hern\u00e1ndez Navarro aclara que es un rubro que han logrado sortear gracias a que la compa\u00f1\u00eda es propietaria del Albergue del Arte y, a partir de \u00e9l, han logrado establecer una din\u00e1mica comunitaria.<\/p>\n\n\n\n<p>Generamos una red de comunidad en la que nos ayudamos mutuamente. El albergue y el grupo nos han brindado mucho econ\u00f3mica y an\u00edmicamente. Eso genera que los mismos colegas regresen eso al espacio, subraya.<\/p>\n\n\n\n<p>Pensamos primero en el proyecto que en el dinero; si pensamos en el dinero primero, ya no lo hicimos, porque no somos una empresa. Somos una asociaci\u00f3n civil, pero empresarialmente estar\u00edamos en bancarrota. Siempre hay alguien que apoya con algo, agrega y refiere que incluso el p\u00fablico ha dado alimentos a cambio de localidades.<\/p>\n\n\n\n<p>Uno de esos apoyos proviene tambi\u00e9n de los talleres que all\u00ed se imparten, entre ellos de fotograf\u00eda, yoga, ajedrez, cine documental, danza a\u00e9rea y contempor\u00e1nea, teatro, doblaje y actuaci\u00f3n, algunos de los cuales s\u00ed cobran y los profesores dejan alguna aportaci\u00f3n.<\/p>\n\n\n\n<p>La apuesta de Tadeco Teatro, seg\u00fan los creadores esc\u00e9nicos, est\u00e1 orientada, por una parte, a que todo mundo tenga acceso a esa expresi\u00f3n art\u00edstica, por eso la consigna es no tener taquilla. Otra es que sea un teatro entendible para todos, as\u00ed se trate de una obra cl\u00e1sica.<\/p>\n\n\n\n<p>Estamos convencidos de que el teatro nos hace ver otros mundos posibles, y no queremos que eso sea impedido por una taquilla o un lenguaje. Todos debemos tener acceso al lenguaje del arte y la cultura.<\/p>\n","protected":false},"excerpt":{"rendered":"<p>Hoy actuamos y ma\u00f1ana tenemos que barrer la sala. En un grupo art\u00edstico independiente hay que hacer de todo, m\u00e1xime si en \u00e9l no se monetiza el trabajo, asumen Margarita Hern\u00e1ndez Navarro y Gustavo \u00c1vila, integrantes del consejo directivo de Tadeco Teatro, que este 23 de abril cumpli\u00f3 42 a\u00f1os, y con ello demuestra que [&hellip;]<\/p>\n","protected":false},"author":1,"featured_media":10225,"comment_status":"open","ping_status":"open","sticky":false,"template":"","format":"standard","meta":{"content-type":"","footnotes":""},"categories":[112],"tags":[],"class_list":{"0":"post-10224","1":"post","2":"type-post","3":"status-publish","4":"format-standard","5":"has-post-thumbnail","7":"category-cultura"},"_links":{"self":[{"href":"https:\/\/www.regioncuatronoticias.com\/index.php\/wp-json\/wp\/v2\/posts\/10224","targetHints":{"allow":["GET"]}}],"collection":[{"href":"https:\/\/www.regioncuatronoticias.com\/index.php\/wp-json\/wp\/v2\/posts"}],"about":[{"href":"https:\/\/www.regioncuatronoticias.com\/index.php\/wp-json\/wp\/v2\/types\/post"}],"author":[{"embeddable":true,"href":"https:\/\/www.regioncuatronoticias.com\/index.php\/wp-json\/wp\/v2\/users\/1"}],"replies":[{"embeddable":true,"href":"https:\/\/www.regioncuatronoticias.com\/index.php\/wp-json\/wp\/v2\/comments?post=10224"}],"version-history":[{"count":1,"href":"https:\/\/www.regioncuatronoticias.com\/index.php\/wp-json\/wp\/v2\/posts\/10224\/revisions"}],"predecessor-version":[{"id":10226,"href":"https:\/\/www.regioncuatronoticias.com\/index.php\/wp-json\/wp\/v2\/posts\/10224\/revisions\/10226"}],"wp:featuredmedia":[{"embeddable":true,"href":"https:\/\/www.regioncuatronoticias.com\/index.php\/wp-json\/wp\/v2\/media\/10225"}],"wp:attachment":[{"href":"https:\/\/www.regioncuatronoticias.com\/index.php\/wp-json\/wp\/v2\/media?parent=10224"}],"wp:term":[{"taxonomy":"category","embeddable":true,"href":"https:\/\/www.regioncuatronoticias.com\/index.php\/wp-json\/wp\/v2\/categories?post=10224"},{"taxonomy":"post_tag","embeddable":true,"href":"https:\/\/www.regioncuatronoticias.com\/index.php\/wp-json\/wp\/v2\/tags?post=10224"}],"curies":[{"name":"wp","href":"https:\/\/api.w.org\/{rel}","templated":true}]}}