{"id":10206,"date":"2024-04-26T10:33:03","date_gmt":"2024-04-26T17:33:03","guid":{"rendered":"https:\/\/www.regioncuatronoticias.com\/?p=10206"},"modified":"2024-04-26T10:33:05","modified_gmt":"2024-04-26T17:33:05","slug":"insiste-amlo-en-llamado-a-frenar-proceso-contra-julian-assange","status":"publish","type":"post","link":"https:\/\/www.regioncuatronoticias.com\/index.php\/2024\/04\/26\/insiste-amlo-en-llamado-a-frenar-proceso-contra-julian-assange\/","title":{"rendered":"Insiste AMLO en llamado a frenar proceso contra Julian Assange"},"content":{"rendered":"\n<p>Ciudad de M\u00e9xico. El presidente Andr\u00e9s Manuel L\u00f3pez Obrador volvi\u00f3 a llamar al gobierno de Estados Unidos a frenar el proceso en contra del ciberactivista y fundador de WikiLeaks, Julian Assange, a fin que recupere su libertad.<\/p>\n\n\n\n<p>En la ma\u00f1anera de este viernes, y mientras daba respuesta a recientes declaraciones sobre el proceso electoral de un jerarca cat\u00f3lico, el mandatario federal record\u00f3 que cuando Assange dio a conocer los documentos con informaci\u00f3n confidencial de Washington y sus intervenciones por diversos puntos del mundo, fue el \u00fanico que pag\u00f3 las consecuencias.<\/p>\n\n\n\n<p>\u201cSe dan a conocer todos estos documentos, por lo que est\u00e1 preso Assange, al que quisiera yo ver en libertad, porque es una injusticia lo que est\u00e1n haciendo con \u00e9l\u201d.<\/p>\n\n\n\n<p>Remarc\u00f3 que los grandes medios del mundo, como el New York Times, publicaron y se beneficiaron de la informaci\u00f3n dada a conocer por Assange \u2014quien est\u00e1 preso en Reino Unido y acusado por el gobierno de Estados Unidos desde hace ya varios a\u00f1os\u2014 y al \u00fanico que se ha castigado es al fundador de WikiLeaks.<\/p>\n\n\n\n<p>\u201cLo dieron a conocer los peri\u00f3dicos m\u00e1s famosos del mundo, y al final a quien castigan, que ya lleva a\u00f1os en la c\u00e1rcel, es a Assange, y a todos los dem\u00e1s los exoneran. Y que bien no, porque sostienen que ejercieron su libertad de expresi\u00f3n, de manifestaci\u00f3n, pero con Assange no aplicaron el mismo principio\u201d.<\/p>\n\n\n\n<p>El presidente mexicano, quien ha sostenido desde el principio de su administraci\u00f3n una defensa de Assange e inclusive en diversas ocasiones ha informado que su gobierno le dar\u00eda asilo pol\u00edtico\u2014 confi\u00f3 en que pronto pueda obtener su libertad.<\/p>\n\n\n\n<p>\u201cYo espero que lo liberen, porque es tener como en prisi\u00f3n la libertad\u201d, concluy\u00f3.<\/p>\n","protected":false},"excerpt":{"rendered":"<p>Ciudad de M\u00e9xico. El presidente Andr\u00e9s Manuel L\u00f3pez Obrador volvi\u00f3 a llamar al gobierno de Estados Unidos a frenar el proceso en contra del ciberactivista y fundador de WikiLeaks, Julian Assange, a fin que recupere su libertad. En la ma\u00f1anera de este viernes, y mientras daba respuesta a recientes declaraciones sobre el proceso electoral de [&hellip;]<\/p>\n","protected":false},"author":1,"featured_media":10207,"comment_status":"open","ping_status":"open","sticky":false,"template":"","format":"standard","meta":{"content-type":"","footnotes":""},"categories":[3],"tags":[],"class_list":{"0":"post-10206","1":"post","2":"type-post","3":"status-publish","4":"format-standard","5":"has-post-thumbnail","7":"category-mexico"},"_links":{"self":[{"href":"https:\/\/www.regioncuatronoticias.com\/index.php\/wp-json\/wp\/v2\/posts\/10206","targetHints":{"allow":["GET"]}}],"collection":[{"href":"https:\/\/www.regioncuatronoticias.com\/index.php\/wp-json\/wp\/v2\/posts"}],"about":[{"href":"https:\/\/www.regioncuatronoticias.com\/index.php\/wp-json\/wp\/v2\/types\/post"}],"author":[{"embeddable":true,"href":"https:\/\/www.regioncuatronoticias.com\/index.php\/wp-json\/wp\/v2\/users\/1"}],"replies":[{"embeddable":true,"href":"https:\/\/www.regioncuatronoticias.com\/index.php\/wp-json\/wp\/v2\/comments?post=10206"}],"version-history":[{"count":1,"href":"https:\/\/www.regioncuatronoticias.com\/index.php\/wp-json\/wp\/v2\/posts\/10206\/revisions"}],"predecessor-version":[{"id":10208,"href":"https:\/\/www.regioncuatronoticias.com\/index.php\/wp-json\/wp\/v2\/posts\/10206\/revisions\/10208"}],"wp:featuredmedia":[{"embeddable":true,"href":"https:\/\/www.regioncuatronoticias.com\/index.php\/wp-json\/wp\/v2\/media\/10207"}],"wp:attachment":[{"href":"https:\/\/www.regioncuatronoticias.com\/index.php\/wp-json\/wp\/v2\/media?parent=10206"}],"wp:term":[{"taxonomy":"category","embeddable":true,"href":"https:\/\/www.regioncuatronoticias.com\/index.php\/wp-json\/wp\/v2\/categories?post=10206"},{"taxonomy":"post_tag","embeddable":true,"href":"https:\/\/www.regioncuatronoticias.com\/index.php\/wp-json\/wp\/v2\/tags?post=10206"}],"curies":[{"name":"wp","href":"https:\/\/api.w.org\/{rel}","templated":true}]}}