{"id":10203,"date":"2024-04-26T10:31:45","date_gmt":"2024-04-26T17:31:45","guid":{"rendered":"https:\/\/www.regioncuatronoticias.com\/?p=10203"},"modified":"2024-04-26T10:31:47","modified_gmt":"2024-04-26T17:31:47","slug":"evita-amlo-responder-a-declaraciones-del-cardenal-sandoval-iniguez","status":"publish","type":"post","link":"https:\/\/www.regioncuatronoticias.com\/index.php\/2024\/04\/26\/evita-amlo-responder-a-declaraciones-del-cardenal-sandoval-iniguez\/","title":{"rendered":"Evita AMLO responder a declaraciones del cardenal Sandoval \u00cd\u00f1iguez"},"content":{"rendered":"\n<p>El presidente Andr\u00e9s Manuel L\u00f3pez Obrador evit\u00f3 responder a los dichos del obispo de Guadalajara, el cardenal Juan Sandoval \u00cd\u00f1iguez, quien recientemente llam\u00f3 a no votar por quienes est\u00e1n en el poder y se\u00f1al\u00f3 que hay riesgo de colapso econ\u00f3mico, persecuci\u00f3n religiosa y comunismo. \u201cNo tiene ning\u00fan caso\u201d, subray\u00f3.<\/p>\n\n\n\n<p>Confi\u00f3 en que la gente tome su decisi\u00f3n en libertad, pues, dijo, \u201cel pueblo est\u00e1 muy consciente (\u2026) la gente sabe muy bien qu\u00e9 conviene, qu\u00e9 no conviene\u201d.<\/p>\n\n\n\n<p>Interrogado en la ma\u00f1anera sobre las declaraciones del purpurado, el mandatario federal se\u00f1al\u00f3: \u201cNo entrar en pol\u00e9mica, ser respetuosos. Y como lo hemos dicho durante mucho tiempo, y adem\u00e1s lo hemos puesto en pr\u00e1ctica, respetar todas las creencias religiosas y respetar tambi\u00e9n a los no creyentes, respetar a todos, y que haya libertades\u201d.<\/p>\n\n\n\n<p>El jefe del Ejecutivo prefiri\u00f3 \u201cno engancharnos en pol\u00e9micas y m\u00e1s cuando tiene que ver con las iglesias, las creencias, el estado laico significa libertad de creencias, libertad religiosa, es nada m\u00e1s que no predomine una sola religi\u00f3n, que se respete a todos, a cat\u00f3licos, evang\u00e9licos, a quienes practican las distintas religiones y a los no creyentes y no meternos en eso, no tiene ning\u00fan caso\u201d.<\/p>\n\n\n\n<p>Sin embargo, record\u00f3 un episodio de la historia reciente de M\u00e9xico y el proceso electoral de 2006 \u2014en el que L\u00f3pez Obrador ha acusado fraude en su contra\u2014, que involucra al cardenal Sandoval \u00cd\u00f1iguez.<\/p>\n\n\n\n<p>En ese sentido, refiri\u00f3 que en los documentos dados a conocer en su momento por WikiLeaks \u2014encabezada por el ciberactivista Julian Assange, hoy preso y acusado por Estados Unidos\u2014 se dio a conocer la petici\u00f3n que el arzobispo de Guadalajara hizo al embajador de Estados Unidos en el Vaticano para que esa naci\u00f3n interviniera en las elecciones de 2006 y evitar que L\u00f3pez Obrador llegara al poder, \u201cporque yo, seg\u00fan \u00e9l y como se dec\u00eda entonces, era un peligro para M\u00e9xico\u201d.<\/p>\n\n\n\n<p>Agreg\u00f3: \u201cCuando se da a conocer esto, pues es un esc\u00e1ndalo, porque no s\u00f3lo eran pol\u00edticos, sino en este caso jerarcas de una Iglesia. Como yo recorro todo el pa\u00eds, me toca ir por esos tiempos a Jalisco, y est\u00e1n todos los periodistas esper\u00e1ndome para que yo declarara y me confrontara con el cardenal, y dije que no iba yo a entrar en pol\u00e9mica, y que adem\u00e1s no me constaba. Pero en ese entonces no respond\u00ed, y ahora tampoco respondo. Porque uno es, a veces, due\u00f1o de su silencio y reh\u00e9n de lo que expresa\u201d.<\/p>\n\n\n\n<p>L\u00f3pez Obrador prefiri\u00f3: \u201clo vamos a dejar as\u00ed, de ese entonces a la fecha han cambiado mucho las cosas en el pa\u00eds, lo que siempre yo sostengo, hay que tenerle confianza a la gente, el pueblo de M\u00e9xico es muy inteligente, es un pueblo sabio, no es manipulable\u201d.<\/p>\n\n\n\n<p>Consider\u00f3 que no es riesgosa la intervenci\u00f3n de los jerarcas cat\u00f3licos con miras al proceso electoral del pr\u00f3ximo 2 de junio por dos razones: una, porque no se trata de una conducta generalizada; y dos, \u201clo m\u00e1s importante, nuestro pueblo es muy inteligente, sabe muy bien qu\u00e9 conviene, qu\u00e9 no conviene, si por eso fracasan los medios convencionales de informaci\u00f3n en la actualidad, est\u00e1n perdiendo cada vez m\u00e1s presencia\u201d.<\/p>\n","protected":false},"excerpt":{"rendered":"<p>El presidente Andr\u00e9s Manuel L\u00f3pez Obrador evit\u00f3 responder a los dichos del obispo de Guadalajara, el cardenal Juan Sandoval \u00cd\u00f1iguez, quien recientemente llam\u00f3 a no votar por quienes est\u00e1n en el poder y se\u00f1al\u00f3 que hay riesgo de colapso econ\u00f3mico, persecuci\u00f3n religiosa y comunismo. \u201cNo tiene ning\u00fan caso\u201d, subray\u00f3. Confi\u00f3 en que la gente tome [&hellip;]<\/p>\n","protected":false},"author":1,"featured_media":10204,"comment_status":"open","ping_status":"open","sticky":false,"template":"","format":"standard","meta":{"content-type":"","footnotes":""},"categories":[3],"tags":[],"class_list":{"0":"post-10203","1":"post","2":"type-post","3":"status-publish","4":"format-standard","5":"has-post-thumbnail","7":"category-mexico"},"_links":{"self":[{"href":"https:\/\/www.regioncuatronoticias.com\/index.php\/wp-json\/wp\/v2\/posts\/10203","targetHints":{"allow":["GET"]}}],"collection":[{"href":"https:\/\/www.regioncuatronoticias.com\/index.php\/wp-json\/wp\/v2\/posts"}],"about":[{"href":"https:\/\/www.regioncuatronoticias.com\/index.php\/wp-json\/wp\/v2\/types\/post"}],"author":[{"embeddable":true,"href":"https:\/\/www.regioncuatronoticias.com\/index.php\/wp-json\/wp\/v2\/users\/1"}],"replies":[{"embeddable":true,"href":"https:\/\/www.regioncuatronoticias.com\/index.php\/wp-json\/wp\/v2\/comments?post=10203"}],"version-history":[{"count":1,"href":"https:\/\/www.regioncuatronoticias.com\/index.php\/wp-json\/wp\/v2\/posts\/10203\/revisions"}],"predecessor-version":[{"id":10205,"href":"https:\/\/www.regioncuatronoticias.com\/index.php\/wp-json\/wp\/v2\/posts\/10203\/revisions\/10205"}],"wp:featuredmedia":[{"embeddable":true,"href":"https:\/\/www.regioncuatronoticias.com\/index.php\/wp-json\/wp\/v2\/media\/10204"}],"wp:attachment":[{"href":"https:\/\/www.regioncuatronoticias.com\/index.php\/wp-json\/wp\/v2\/media?parent=10203"}],"wp:term":[{"taxonomy":"category","embeddable":true,"href":"https:\/\/www.regioncuatronoticias.com\/index.php\/wp-json\/wp\/v2\/categories?post=10203"},{"taxonomy":"post_tag","embeddable":true,"href":"https:\/\/www.regioncuatronoticias.com\/index.php\/wp-json\/wp\/v2\/tags?post=10203"}],"curies":[{"name":"wp","href":"https:\/\/api.w.org\/{rel}","templated":true}]}}