{"id":10200,"date":"2024-04-26T10:30:44","date_gmt":"2024-04-26T17:30:44","guid":{"rendered":"https:\/\/www.regioncuatronoticias.com\/?p=10200"},"modified":"2024-04-26T10:30:46","modified_gmt":"2024-04-26T17:30:46","slug":"cerrada-la-polemica-por-declaraciones-de-funcionario-de-fgr-sobre-fentanilo","status":"publish","type":"post","link":"https:\/\/www.regioncuatronoticias.com\/index.php\/2024\/04\/26\/cerrada-la-polemica-por-declaraciones-de-funcionario-de-fgr-sobre-fentanilo\/","title":{"rendered":"Cerrada la pol\u00e9mica por declaraciones de funcionario de FGR sobre fentanilo"},"content":{"rendered":"\n<p>Ciudad de M\u00e9xico. El presidente Andr\u00e9s Manuel L\u00f3pez Obrador dio por cerrada la pol\u00e9mica tras las declaraciones del titular de la Agencia de Investigaci\u00f3n Criminal (AIC) de la Fiscal\u00eda General de la Rep\u00fablica, Felipe de Jes\u00fas Gallo Guti\u00e9rrez, quien hace unos d\u00edas asegur\u00f3 que M\u00e9xico \u201ces campe\u00f3n\u201d en la producci\u00f3n de fentanilo.<\/p>\n\n\n\n<p>Luego de la disculpa que ayer hizo el propio funcionario, quien se\u00f1al\u00f3 que us\u00f3 una \u201cpalabra inadecuada\u201d, el mandatario federal apunt\u00f3 esta ma\u00f1ana en su conferencia en Palacio Nacional: \u201cYo estoy de acuerdo con lo que inform\u00f3 la Fiscal\u00eda y me quedo con eso. Es que hay veces que utilizamos palabras que no son las adecuadas, a todos nos pasa\u201d.<\/p>\n\n\n\n<p>-\u00bfHay confianza en Gallo Guti\u00e9rrez que siga al frente de la AIC? -se le pregunt\u00f3.<\/p>\n\n\n\n<p>-S\u00ed, y la Fiscal\u00eda ya inform\u00f3 sobre el tema \u2014acot\u00f3 el presidente.<\/p>\n\n\n\n<p>Consider\u00f3 que las declaraciones del titular de la AIC en una conferencia internacional que se realiz\u00f3 el martes pasado en la Ciudad de M\u00e9xico no fueron de mala fe.<\/p>\n\n\n\n<p>\u201cCreo que hab\u00eda como una especie de seminario, de congreso, y a \u00e9l le toc\u00f3 tomar la palabra, y como est\u00e1 metido en el tema, lo est\u00e1n atendiendo el tema del control de los precursores qu\u00edmicos, pues us\u00f3 una palabra no, creo que dijo que \u00e9ramos campeones (\u2026) pero no fue en mala fe.<\/p>\n\n\n\n<p>\u201cClaro fue ocho columnas \u00bfno? (en alguno medios). Eso s\u00ed se la llev\u00f3, porque\u2026 pero tambi\u00e9n no culpemos a la prensa, es que si yo digo aqu\u00ed, por eso cada vez hablo hasta m\u00e1s despacio, si digo una palabra, un t\u00e9rmino pol\u00e9mico, ya s\u00e9 que van a ser ocho columnas. Entonces, prefiero que aparezca yo en la p\u00e1gina 34 de un peri\u00f3dico de la secci\u00f3n C, no en la primera plana, mucho menos en ocho columnas\u201d.<\/p>\n\n\n\n<p>El mandatario federal remarc\u00f3 que la FGR junto con dependencias del gobierno federal trabajan de manera coordinada para tener control sobre insumos, precursores qu\u00edmicos que se utilizan para la elaboraci\u00f3n de drogas.<\/p>\n\n\n\n<p>\u201cEllos est\u00e1n haciendo muy buen trabajo en ese sentido, con Marina, con Cofepris, con otras dependencias del gobierno\u201d.<\/p>\n","protected":false},"excerpt":{"rendered":"<p>Ciudad de M\u00e9xico. El presidente Andr\u00e9s Manuel L\u00f3pez Obrador dio por cerrada la pol\u00e9mica tras las declaraciones del titular de la Agencia de Investigaci\u00f3n Criminal (AIC) de la Fiscal\u00eda General de la Rep\u00fablica, Felipe de Jes\u00fas Gallo Guti\u00e9rrez, quien hace unos d\u00edas asegur\u00f3 que M\u00e9xico \u201ces campe\u00f3n\u201d en la producci\u00f3n de fentanilo. Luego de la [&hellip;]<\/p>\n","protected":false},"author":1,"featured_media":10201,"comment_status":"open","ping_status":"open","sticky":false,"template":"","format":"standard","meta":{"content-type":"","footnotes":""},"categories":[3],"tags":[],"class_list":{"0":"post-10200","1":"post","2":"type-post","3":"status-publish","4":"format-standard","5":"has-post-thumbnail","7":"category-mexico"},"_links":{"self":[{"href":"https:\/\/www.regioncuatronoticias.com\/index.php\/wp-json\/wp\/v2\/posts\/10200","targetHints":{"allow":["GET"]}}],"collection":[{"href":"https:\/\/www.regioncuatronoticias.com\/index.php\/wp-json\/wp\/v2\/posts"}],"about":[{"href":"https:\/\/www.regioncuatronoticias.com\/index.php\/wp-json\/wp\/v2\/types\/post"}],"author":[{"embeddable":true,"href":"https:\/\/www.regioncuatronoticias.com\/index.php\/wp-json\/wp\/v2\/users\/1"}],"replies":[{"embeddable":true,"href":"https:\/\/www.regioncuatronoticias.com\/index.php\/wp-json\/wp\/v2\/comments?post=10200"}],"version-history":[{"count":1,"href":"https:\/\/www.regioncuatronoticias.com\/index.php\/wp-json\/wp\/v2\/posts\/10200\/revisions"}],"predecessor-version":[{"id":10202,"href":"https:\/\/www.regioncuatronoticias.com\/index.php\/wp-json\/wp\/v2\/posts\/10200\/revisions\/10202"}],"wp:featuredmedia":[{"embeddable":true,"href":"https:\/\/www.regioncuatronoticias.com\/index.php\/wp-json\/wp\/v2\/media\/10201"}],"wp:attachment":[{"href":"https:\/\/www.regioncuatronoticias.com\/index.php\/wp-json\/wp\/v2\/media?parent=10200"}],"wp:term":[{"taxonomy":"category","embeddable":true,"href":"https:\/\/www.regioncuatronoticias.com\/index.php\/wp-json\/wp\/v2\/categories?post=10200"},{"taxonomy":"post_tag","embeddable":true,"href":"https:\/\/www.regioncuatronoticias.com\/index.php\/wp-json\/wp\/v2\/tags?post=10200"}],"curies":[{"name":"wp","href":"https:\/\/api.w.org\/{rel}","templated":true}]}}