{"id":10197,"date":"2024-04-26T10:25:10","date_gmt":"2024-04-26T17:25:10","guid":{"rendered":"https:\/\/www.regioncuatronoticias.com\/?p=10197"},"modified":"2024-04-26T10:25:11","modified_gmt":"2024-04-26T17:25:11","slug":"la-izquierda-internacional-expresa-su-apoyo-al-socialista-pedro-sanchez","status":"publish","type":"post","link":"https:\/\/www.regioncuatronoticias.com\/index.php\/2024\/04\/26\/la-izquierda-internacional-expresa-su-apoyo-al-socialista-pedro-sanchez\/","title":{"rendered":"La izquierda internacional expresa su apoyo al socialista Pedro S\u00e1nchez"},"content":{"rendered":"\n<p>Madrid. A tres d\u00edas de que el presidente del gobierno espa\u00f1ol, el socialista Pedro S\u00e1nchez, informe al pa\u00eds si decide dimitir o continuar en el cargo ante el acoso y la guerra sucia de la extrema derecha, representantes de la izquierda internacional expresaron su apoyo a S\u00e1nchez y su unieron al clamor de movilizarse para frenar la ofensiva \u201cantidemocr\u00e1tica\u201d que busca \u201cderrocar al gobierno leg\u00edtimo\u201d de Espa\u00f1a. As\u00ed lo hicieron destacados dirigentes latinoamericanos, como el brasile\u00f1o Luiz In\u00e1cio Lula da Silva y el colombiano Gustavo Petro, adem\u00e1s de otros l\u00edderes europeos, como el alcalde de Roma, Roberto Gualtieri. Mientras la ofensiva de la derecha contin\u00faa, este vez con una nueva querella criminal contra la esposa de S\u00e1nchez, Bego\u00f1a G\u00f3mez, por los presuntos delitos de corrupci\u00f3n y tr\u00e1fico de influencias.<\/p>\n\n\n\n<p>El presidente brasile\u00f1o inform\u00f3 a trav\u00e9s de sus redes sociales que hab\u00eda mantenido una conversaci\u00f3n con Pedro S\u00e1nchez: \u201cHabl\u00e9 hoy con el presidente espa\u00f1ol Pedro S\u00e1nchez para solidarizarme con su liderazgo y su papel para una Espa\u00f1a democr\u00e1tica cada vez m\u00e1s justa, pr\u00f3spera y humana. Su fuerza y su papel son importantes para su pa\u00eds, para Europa y para el mundo\u201d. Mientras que el colombiano Petro denunci\u00f3 que \u201cla m\u00e1quina del fango impulsada por la extrema derecha espa\u00f1ola ha buscado destruir la familia de Pedro S\u00e1nchez para detener las pol\u00edticas progresistas. La pol\u00edtica de la derecha es destruir a las personas. Mi solidaridad con el presidente de Espa\u00f1a y su familia\u201d.<\/p>\n\n\n\n<p>Desde Europa, el alcalde Gualtieri expres\u00f3 su \u201cm\u00e1xima solidaridad con el presidente del Gobierno espa\u00f1ol, Pedro S\u00e1nchez. \u00a1Vamos Pedro, resiste! Espa\u00f1a y Europa necesitan de tu honestidad y competencia\u201d. Tambi\u00e9n la izquierda portuguesa mostr\u00f3 su respaldo a S\u00e1nchez, con un enorme cartel en los actos del aniversario de la Revoluci\u00f3n de los Claveles, que dec\u00eda \u201cPedro S\u00e1nchez, no dimitas. Estamos contigo\u201d.<\/p>\n\n\n\n<p>Estas expresiones de apoyo se suman a las que se est\u00e1n generando en el interior de Espa\u00f1a, sobre todo desde las delegaciones del Partido Socialista Obrero Espa\u00f1ol (PSOE), que est\u00e1n movilizando a su militancia para lo que esperan sea una gran manifestaci\u00f3n este s\u00e1bado en Madrid. Mientras que desde el gobierno, el ministro de la Presidencia, F\u00e9lix Bola\u00f1os, resumi\u00f3 lo que est\u00e1 ocurriendo: \u201cLa jaur\u00eda ultraderechista act\u00faa como un acosador. Primero te acosa y, cuando lo denuncias, te agrede m\u00e1s y encima intenta presentarse como la v\u00edctima\u201d.<\/p>\n\n\n\n<p>El hartazgo de Pedro Almod\u00f3var<\/p>\n\n\n\n<p>El destacado cineasta espa\u00f1ol Pedro Almod\u00f3var tambi\u00e9n expreso su \u201chartazgo\u201d ante la guerra sucia desatada por las fuerzas m\u00e1s reaccionarias del pa\u00eds y lo hizo a trav\u00e9s de un art\u00edculo en el portal digital Eldiario.es, en el que explic\u00f3 que \u201cno existe ser humano que resista lo que el m\u00e1s resistente de nuestros presidentes ha estado sufriendo los \u00faltimos a\u00f1os, en una escalada que supera todo lo imaginable. No me extra\u00f1\u00f3 que se rompiera y me provoc\u00f3 tal indefensi\u00f3n que me puse a llorar como un ni\u00f1o\u201d. El creador manchego a\u00f1adi\u00f3 en su art\u00edculo que \u201cactualmente existe una nueva t\u00e9cnica para derribar al adversario pol\u00edtico, acosarle medi\u00e1tica y judicialmente hasta quebrarle emocional y judicialmente, que no soporte m\u00e1s presi\u00f3n. Es una estrategia que no tiene ninguna relaci\u00f3n con la pol\u00edtica, en ning\u00fan momento se ponen en valor los resultados de la gesti\u00f3n del presidente. Es una t\u00e9cnica basada en la crueldad y la tortura psicol\u00f3gica personalizada de la v\u00edctima, que se complementa con la tergiversaci\u00f3n y manipulaci\u00f3n, y que cuenta con la connivencia de uno de los poderes del Estado tan importante como el poder judicial\u201d.<\/p>\n\n\n\n<p>Adem\u00e1s, centenares de periodistas y ciudadanos firmaron un manifiesto de apoyo a S\u00e1nchez, en el que advierten que \u201cel ataque de la ultraderecha medi\u00e1tica y judicial contra la esposa del presidente del Gobierno es un nuevo intento de subvertir la voluntad popular expresada en las urnas mediante medios il\u00edcitos. La campa\u00f1a de bulos, falsedades y acoso contra los miembros de los dos \u00faltimos gobiernos de coalici\u00f3n y otras fuerzas progresistas e independentistas, coordinada y financiada por la derecha pol\u00edtica, medi\u00e1tica, empresarial y judicial, atenta contra las bases mismas de la democracia parlamentaria, y deja inerme al Estado de Derecho\u201d.<\/p>\n\n\n\n<p>A pesar de la indignaci\u00f3n que existe en la mitad el pa\u00eds por la ofensiva judicial contra la familia del presidente S\u00e1nchez, desde la organizaci\u00f3n ultracat\u00f3lica Hazteo\u00edr se present\u00f3 una nueva querella criminal contra Bego\u00f1a G\u00f3mez, que se suma as\u00ed a la presentado por el sindicato ultraderechista Manos Limpias. Seg\u00fan explic\u00f3 Hazte O\u00edr, esta es la cuarta acci\u00f3n que emprenden contra la mujer del jefe del Ejecutivo en las \u201c\u00faltimas semanas\u201d: adem\u00e1s de la querella anunciada este viernes, han presentado tres denuncias contra ella en la Fiscal\u00eda Europea, la Fiscal\u00eda General del Estado y la Oficina Europea de Lucha contra el Fraude.<\/p>\n","protected":false},"excerpt":{"rendered":"<p>Madrid. A tres d\u00edas de que el presidente del gobierno espa\u00f1ol, el socialista Pedro S\u00e1nchez, informe al pa\u00eds si decide dimitir o continuar en el cargo ante el acoso y la guerra sucia de la extrema derecha, representantes de la izquierda internacional expresaron su apoyo a S\u00e1nchez y su unieron al clamor de movilizarse para [&hellip;]<\/p>\n","protected":false},"author":1,"featured_media":10198,"comment_status":"open","ping_status":"open","sticky":false,"template":"","format":"standard","meta":{"content-type":"","footnotes":""},"categories":[7],"tags":[],"class_list":{"0":"post-10197","1":"post","2":"type-post","3":"status-publish","4":"format-standard","5":"has-post-thumbnail","7":"category-internacional"},"_links":{"self":[{"href":"https:\/\/www.regioncuatronoticias.com\/index.php\/wp-json\/wp\/v2\/posts\/10197","targetHints":{"allow":["GET"]}}],"collection":[{"href":"https:\/\/www.regioncuatronoticias.com\/index.php\/wp-json\/wp\/v2\/posts"}],"about":[{"href":"https:\/\/www.regioncuatronoticias.com\/index.php\/wp-json\/wp\/v2\/types\/post"}],"author":[{"embeddable":true,"href":"https:\/\/www.regioncuatronoticias.com\/index.php\/wp-json\/wp\/v2\/users\/1"}],"replies":[{"embeddable":true,"href":"https:\/\/www.regioncuatronoticias.com\/index.php\/wp-json\/wp\/v2\/comments?post=10197"}],"version-history":[{"count":1,"href":"https:\/\/www.regioncuatronoticias.com\/index.php\/wp-json\/wp\/v2\/posts\/10197\/revisions"}],"predecessor-version":[{"id":10199,"href":"https:\/\/www.regioncuatronoticias.com\/index.php\/wp-json\/wp\/v2\/posts\/10197\/revisions\/10199"}],"wp:featuredmedia":[{"embeddable":true,"href":"https:\/\/www.regioncuatronoticias.com\/index.php\/wp-json\/wp\/v2\/media\/10198"}],"wp:attachment":[{"href":"https:\/\/www.regioncuatronoticias.com\/index.php\/wp-json\/wp\/v2\/media?parent=10197"}],"wp:term":[{"taxonomy":"category","embeddable":true,"href":"https:\/\/www.regioncuatronoticias.com\/index.php\/wp-json\/wp\/v2\/categories?post=10197"},{"taxonomy":"post_tag","embeddable":true,"href":"https:\/\/www.regioncuatronoticias.com\/index.php\/wp-json\/wp\/v2\/tags?post=10197"}],"curies":[{"name":"wp","href":"https:\/\/api.w.org\/{rel}","templated":true}]}}