{"id":10185,"date":"2024-04-26T10:15:12","date_gmt":"2024-04-26T17:15:12","guid":{"rendered":"https:\/\/www.regioncuatronoticias.com\/?p=10185"},"modified":"2024-04-26T10:17:52","modified_gmt":"2024-04-26T17:17:52","slug":"reconoce-galvez-que-su-equipo-cancelo-reunion-con-el-tepjf","status":"publish","type":"post","link":"https:\/\/www.regioncuatronoticias.com\/index.php\/2024\/04\/26\/reconoce-galvez-que-su-equipo-cancelo-reunion-con-el-tepjf\/","title":{"rendered":"Reconoce G\u00e1lvez que su equipo cancel\u00f3 reuni\u00f3n con el TEPJF"},"content":{"rendered":"\n<p>Ciudad de M\u00e9xico. La candidata presidencial de la coalici\u00f3n Fuerza y Coraz\u00f3n por M\u00e9xico (PAN, PRI y PRD), X\u00f3chitl G\u00e1lvez, reconoci\u00f3 que el Tribunal Electoral del Poder Judicial de la Federaci\u00f3n (TEPJF) s\u00ed les ofreci\u00f3 una reuni\u00f3n con los magistrados, pero al ser por v\u00eda remota a trav\u00e9s de teleconferencia y no estar todos los integrantes de la Sala Superior, fue ella y su equipo la que declin\u00f3.<\/p>\n\n\n\n<p>Despu\u00e9s de que el coordinador de su campa\u00f1a, Santiago Creel, reproch\u00f3 el mi\u00e9rcoles que fue \u201csorprendente y desconcertante\u201d que la magistrada presidenta del tribunal y dos magistrados m\u00e1s rechazaran la solicitud de la candidata para reunirse con ellos, junto con los dirigentes de los partidos que la impulsan, esta ma\u00f1ana, consultada en conferencia de prensa, G\u00e1lvez explic\u00f3 que fue su equipo el que no confirm\u00f3 la reuni\u00f3n virtual.<\/p>\n\n\n\n<p>Tras recalcar que no hubo un malentendido, expuso: \u201cNos ofrecieron una videollamada, una audiencia por conferencia y no estaban completos los magistrados, eso fue. Entonces, ante esa decisi\u00f3n, mi equipo de campa\u00f1a opt\u00f3 por no confirmarla, porque lo que ofrec\u00edan era una llamada a distancia\u201d.<\/p>\n\n\n\n<p>Momentos despu\u00e9s, al se\u00f1alar que \u201cya sab\u00eda\u201d y \u201cno le sorprende\u201d que el Tribunal Electoral no aceptara su petici\u00f3n para suspender las conferencias matutinas del presidente de la Rep\u00fablica, agreg\u00f3 que \u201chay una contienda totalmente inequitativa y en ese sentido yo lo que advierto es que el Tribunal no est\u00e1 dispuesto a sacar ni la tarjeta amarilla ni la tarjeta roja\u201d.<\/p>\n\n\n\n<p>En tanto, de cara al segundo debate presidencial, la candidata presidencial de la oposici\u00f3n adelant\u00f3 que acudir\u00e1 con algo c\u00f3modo y que refleje su personalidad en su vestimenta, pero a\u00fan no lo ha definido. Tambi\u00e9n, apunt\u00f3 que el domingo se le ver\u00e1 sonriente. \u201cA ver, Claudia (Sheinbaum) estaba super acartonada y de eso no dicen nada, eso ni movi\u00f3; (ver\u00e1n) a \u00e9sta sonriente, (pero) a ver, la neta s\u00ed estuvo muy ca\u00f1\u00f3n lo que le hicieron a mi hijo, la neta, pero bueno\u201d, expres\u00f3.<\/p>\n\n\n\n<p>A la vez, adujo que la candidata presidencial de la coalici\u00f3n Sigamos Haciendo Historia (Morena, PT y PVEM), Claudia Sheinbaum, \u201cva a ir a mentir, porque es lo suyo, a no contestar\u201d.<\/p>\n\n\n\n<p>Durante la conferencia de prensa, el pri\u00edsta Enrique de la Madrid present\u00f3 la plataforma \u201cAp\u00fantate\u201d, en la que los simpatizantes de la hidalguense podr\u00e1n exponer los sectores y programas sociales que desean que se pongan en marcha, de manera adicional a los ya existentes.<\/p>\n","protected":false},"excerpt":{"rendered":"<p>Ciudad de M\u00e9xico. La candidata presidencial de la coalici\u00f3n Fuerza y Coraz\u00f3n por M\u00e9xico (PAN, PRI y PRD), X\u00f3chitl G\u00e1lvez, reconoci\u00f3 que el Tribunal Electoral del Poder Judicial de la Federaci\u00f3n (TEPJF) s\u00ed les ofreci\u00f3 una reuni\u00f3n con los magistrados, pero al ser por v\u00eda remota a trav\u00e9s de teleconferencia y no estar todos los [&hellip;]<\/p>\n","protected":false},"author":1,"featured_media":10187,"comment_status":"open","ping_status":"open","sticky":false,"template":"","format":"standard","meta":{"content-type":"","footnotes":""},"categories":[123],"tags":[],"class_list":{"0":"post-10185","1":"post","2":"type-post","3":"status-publish","4":"format-standard","5":"has-post-thumbnail","7":"category-elecciones2024"},"_links":{"self":[{"href":"https:\/\/www.regioncuatronoticias.com\/index.php\/wp-json\/wp\/v2\/posts\/10185","targetHints":{"allow":["GET"]}}],"collection":[{"href":"https:\/\/www.regioncuatronoticias.com\/index.php\/wp-json\/wp\/v2\/posts"}],"about":[{"href":"https:\/\/www.regioncuatronoticias.com\/index.php\/wp-json\/wp\/v2\/types\/post"}],"author":[{"embeddable":true,"href":"https:\/\/www.regioncuatronoticias.com\/index.php\/wp-json\/wp\/v2\/users\/1"}],"replies":[{"embeddable":true,"href":"https:\/\/www.regioncuatronoticias.com\/index.php\/wp-json\/wp\/v2\/comments?post=10185"}],"version-history":[{"count":1,"href":"https:\/\/www.regioncuatronoticias.com\/index.php\/wp-json\/wp\/v2\/posts\/10185\/revisions"}],"predecessor-version":[{"id":10186,"href":"https:\/\/www.regioncuatronoticias.com\/index.php\/wp-json\/wp\/v2\/posts\/10185\/revisions\/10186"}],"wp:featuredmedia":[{"embeddable":true,"href":"https:\/\/www.regioncuatronoticias.com\/index.php\/wp-json\/wp\/v2\/media\/10187"}],"wp:attachment":[{"href":"https:\/\/www.regioncuatronoticias.com\/index.php\/wp-json\/wp\/v2\/media?parent=10185"}],"wp:term":[{"taxonomy":"category","embeddable":true,"href":"https:\/\/www.regioncuatronoticias.com\/index.php\/wp-json\/wp\/v2\/categories?post=10185"},{"taxonomy":"post_tag","embeddable":true,"href":"https:\/\/www.regioncuatronoticias.com\/index.php\/wp-json\/wp\/v2\/tags?post=10185"}],"curies":[{"name":"wp","href":"https:\/\/api.w.org\/{rel}","templated":true}]}}