{"id":10179,"date":"2024-04-26T10:11:38","date_gmt":"2024-04-26T17:11:38","guid":{"rendered":"https:\/\/www.regioncuatronoticias.com\/?p=10179"},"modified":"2024-04-26T10:11:40","modified_gmt":"2024-04-26T17:11:40","slug":"sacar-en-6-anos-a-7-5-millones-de-la-pobreza-extrema-meta-de-sheinbaum","status":"publish","type":"post","link":"https:\/\/www.regioncuatronoticias.com\/index.php\/2024\/04\/26\/sacar-en-6-anos-a-7-5-millones-de-la-pobreza-extrema-meta-de-sheinbaum\/","title":{"rendered":"Sacar en 6 a\u00f1os a 7.5 millones de la pobreza extrema, meta de Sheinbaum"},"content":{"rendered":"\n<p>Tuxpan, Ver. Claudia Sheinbaum, candidata presidencial de Morena, PT y PVEM, afirm\u00f3 que su meta para 2030 es sacar de la pobreza extrema a 7.5 millones de personas. Al presentar el eje tem\u00e1tico derechos sociales, bienestar y reducci\u00f3n de la desigualdad, manifest\u00f3 que la idea es que no haya pobreza extrema en el pa\u00eds o reducirla de manera sustantiva.<\/p>\n\n\n\n<p>Su objetivo, dijo, es que en seis a\u00f1os la pobreza extrema multidimensional quede por debajo de 2 por ciento, con el efecto combinado de programas de Bienestar, una prospectiva de crecimiento del PIB de al menos 3 por ciento anual y el nuevo programa de apoyo a las mujeres de 60 a 64 a\u00f1os, que ha venido planteando en su campa\u00f1a.<\/p>\n\n\n\n<p>Explic\u00f3 que se trata de una perspectiva completamente distinta al modelo neoliberal, porque busca disminuir la pobreza distribuyendo la riqueza, y nuestro objetivo es que no haya pobres extremos en el pa\u00eds.<\/p>\n\n\n\n<p>A dos d\u00edas del segundo debate entre candidatos presidenciales, donde uno de los grandes temas es la reducci\u00f3n de la pobreza y la desigualdad, afirm\u00f3 que se seguir\u00e1n construyendo derechos sociales y se proteger\u00e1n las garant\u00edas fundamentales, y vamos a mantener, subray\u00f3, todos los derechos sociales incorporados por el presidente Andr\u00e9s Manuel L\u00f3pez Obrador. Y debemos ir, agreg\u00f3, de manera paulatina por los recursos que esto implica, pero vamos a atender primero a las personas que m\u00e1s lo necesitan.<\/p>\n\n\n\n<p>Violeta V\u00e1zquez-Rojas, coordinadora del eje, record\u00f3 que con la pol\u00edtica de bienestar 5.1 millones de personas salieron de la pobreza, m\u00e1s o menos el equivalente a la poblaci\u00f3n de Chiapas. Y en cuanto a pobreza extrema, dijo que de 2020 a 2022 baj\u00f3 de 10.8 a 9.1 millones de personas.<\/p>\n\n\n\n<p>Indic\u00f3 que tambi\u00e9n se redujo la desigualdad consistentemente. De 2018 a 2022 pasamos de 0.46 a 0.43 en la escala del coeficiente de Gini, lo que nos pone en el promedio internacional, cercano a pa\u00edses como Uruguay o Chile.<\/p>\n\n\n\n<p>Adem\u00e1s, mencion\u00f3 que s\u00f3lo en los siete programas donde los derechohabientes reciben transferencias de recursos, como pensi\u00f3n para adultos mayores, J\u00f3venes Construyendo el Futuro, Sembrando Vida y Producci\u00f3n para el Bienestar, se han invertido 2.7 billones de pesos, y casi ocho de cada 10 hogares reciben al menos uno de esos apoyos.<\/p>\n\n\n\n<p>Entre las 12 estrategias del proyecto planteado por Sheinbaum est\u00e1 crear la pensi\u00f3n para las mujeres de 60 a 64 a\u00f1os, otorgar la beca para el bienestar en educaci\u00f3n b\u00e1sica, fortalecer el programa para el bienestar de hijos de trabajadoras, establecer uno especial para la seguridad social y laboral de los jornaleros en agricultura y pesca, y crear el sistema nacional de cuidados, con \u00e9nfasis en el apoyo a mujeres agricultoras y de la maquila.<\/p>\n\n\n\n<p>Adem\u00e1s, dar seguridad social a empleados de plataformas digitales, lo que permitir\u00eda dar a casi medio mill\u00f3n de conductores y repartidores todos los derechos laborales. La morenista reproch\u00f3 que, malamente, las grandes trasnacionales no los contratan, sino que los hacen socios y les dan un apoyo que ni siquiera est\u00e1 asociado al salario m\u00ednimo, por lo que sus ingresos son b\u00e1sicamente las propinas.<\/p>\n\n\n\n<p>La estrategia incluye mantener y fortalecer los programas de bienestar, garantizar que su aumento anual sea superior a la inflaci\u00f3n, al igual que los incrementos cada a\u00f1o al salario m\u00ednimo. Tambi\u00e9n, garantizar salarios justos para profesiones estrat\u00e9gicas, como maestros de nivel b\u00e1sico, polic\u00edas, guardias nacionales, integrantes de las fuerzas armadas, m\u00e9dicos y enfermeras.<\/p>\n\n\n\n<p>Sheinbaum estuvo en \u00c1lamo Temapache y Papantla, Veracruz, y por la noche, en Huauchinango, Puebla, en cuyo mitin hubo algunos abucheos para Ignacio Mier, candidato al Senado. La abanderada presidencial regres\u00f3 a la Ciudad de M\u00e9xico pasadas la medianoche. Este viernes y s\u00e1bado no tendr\u00e1 actividades p\u00fablicas para preparar su participaci\u00f3n en el debate.<\/p>\n","protected":false},"excerpt":{"rendered":"<p>Tuxpan, Ver. Claudia Sheinbaum, candidata presidencial de Morena, PT y PVEM, afirm\u00f3 que su meta para 2030 es sacar de la pobreza extrema a 7.5 millones de personas. Al presentar el eje tem\u00e1tico derechos sociales, bienestar y reducci\u00f3n de la desigualdad, manifest\u00f3 que la idea es que no haya pobreza extrema en el pa\u00eds o [&hellip;]<\/p>\n","protected":false},"author":1,"featured_media":10180,"comment_status":"open","ping_status":"open","sticky":false,"template":"","format":"standard","meta":{"content-type":"","footnotes":""},"categories":[123],"tags":[],"class_list":{"0":"post-10179","1":"post","2":"type-post","3":"status-publish","4":"format-standard","5":"has-post-thumbnail","7":"category-elecciones2024"},"_links":{"self":[{"href":"https:\/\/www.regioncuatronoticias.com\/index.php\/wp-json\/wp\/v2\/posts\/10179","targetHints":{"allow":["GET"]}}],"collection":[{"href":"https:\/\/www.regioncuatronoticias.com\/index.php\/wp-json\/wp\/v2\/posts"}],"about":[{"href":"https:\/\/www.regioncuatronoticias.com\/index.php\/wp-json\/wp\/v2\/types\/post"}],"author":[{"embeddable":true,"href":"https:\/\/www.regioncuatronoticias.com\/index.php\/wp-json\/wp\/v2\/users\/1"}],"replies":[{"embeddable":true,"href":"https:\/\/www.regioncuatronoticias.com\/index.php\/wp-json\/wp\/v2\/comments?post=10179"}],"version-history":[{"count":1,"href":"https:\/\/www.regioncuatronoticias.com\/index.php\/wp-json\/wp\/v2\/posts\/10179\/revisions"}],"predecessor-version":[{"id":10181,"href":"https:\/\/www.regioncuatronoticias.com\/index.php\/wp-json\/wp\/v2\/posts\/10179\/revisions\/10181"}],"wp:featuredmedia":[{"embeddable":true,"href":"https:\/\/www.regioncuatronoticias.com\/index.php\/wp-json\/wp\/v2\/media\/10180"}],"wp:attachment":[{"href":"https:\/\/www.regioncuatronoticias.com\/index.php\/wp-json\/wp\/v2\/media?parent=10179"}],"wp:term":[{"taxonomy":"category","embeddable":true,"href":"https:\/\/www.regioncuatronoticias.com\/index.php\/wp-json\/wp\/v2\/categories?post=10179"},{"taxonomy":"post_tag","embeddable":true,"href":"https:\/\/www.regioncuatronoticias.com\/index.php\/wp-json\/wp\/v2\/tags?post=10179"}],"curies":[{"name":"wp","href":"https:\/\/api.w.org\/{rel}","templated":true}]}}