{"id":10173,"date":"2024-04-26T06:48:07","date_gmt":"2024-04-26T13:48:07","guid":{"rendered":"https:\/\/www.regioncuatronoticias.com\/?p=10173"},"modified":"2024-04-26T06:48:08","modified_gmt":"2024-04-26T13:48:08","slug":"regresar-al-origen","status":"publish","type":"post","link":"https:\/\/www.regioncuatronoticias.com\/index.php\/2024\/04\/26\/regresar-al-origen\/","title":{"rendered":"Regresar al origen"},"content":{"rendered":"\n<p><strong>Columna El Zancudo<\/strong><\/p>\n\n\n\n<p><strong>Arturo Soto Mungu\u00eda<\/strong><\/p>\n\n\n\n<p><strong>&nbsp;Regresar al origen<\/strong><\/p>\n\n\n\n<p><strong>Viernes 26 de abril de 2024<\/strong><\/p>\n\n\n\n<p>En los albores de este siglo, la colonia Caf\u00e9 Combate era una \u2018invasi\u00f3n\u2019, como familiarmente se les conoce a los asentamientos irregulares, esos que durante d\u00e9cadas pautaron (es un decir) el desordenado crecimiento urbano de esta capital.<\/p>\n\n\n\n<p>&nbsp;Ubicada al norte de la ciudad, al margen izquierdo de la carretera internacional con rumbo a Nogales, aquello que en su momento fue un conglomerado de jacales levantados a toda prisa con materiales de bajo costo, como &nbsp;eufem\u00edsticamente suele llamarse a maderos de desecho, l\u00e1minas viejas, tarimas y cartones y hasta lonas de campa\u00f1a electoral para guarecerse del sol y de la lluvia (cuando llov\u00eda), en las que aparec\u00edan rostros sonrientes de aspirantes a cualquier cargo de elecci\u00f3n y frases promisorias que hablaban de una realidad que por aquellos a\u00f1os pasaba lejos de las casas de cart\u00f3n.<\/p>\n\n\n\n<p>&nbsp;La colonia Caf\u00e9 Combate sigue siendo un reducto de pobreza, aunque ya hay casas de \u2018material\u2019, algunas calles pavimentadas, tiendas y mercados populares, &nbsp;iglesias, parques, canchas y otros espacios que la vuelven un poco m\u00e1s habitable. Un poco, digo, porque las carencias siguen siendo muchas.<\/p>\n\n\n\n<p>&nbsp;En esa colonia se inaugur\u00f3, por aquellos a\u00f1os del naciente siglo, el primer Centro H\u00e1bitat, un espacio que el gobierno federal levant\u00f3 en las zonas marginales de las ciudades del pa\u00eds como parte de un programa para ofrecer capacitaci\u00f3n para el trabajo, atenci\u00f3n m\u00e9dica y psicol\u00f3gica, actividades deportivas, culturales y de entretenimiento. Contaban tambi\u00e9n con guarder\u00edas infantiles para garantizar a las madres que ten\u00edan que salir a buscar traer un pan a su mesa, el cuidado de sus hijos.<\/p>\n\n\n\n<p>&nbsp;De todo aquello queda muy poco. Y en el caso de las guarder\u00edas, no queda nada.<\/p>\n\n\n\n<p>&nbsp;Por eso fue muy significativo para Mar\u00eda Dolores del R\u00edo volver a esa colonia, donde le toc\u00f3 inaugurar el Centro H\u00e1bitat y comprometerse ante los vecinos, a recuperar el espacio y los servicios que all\u00ed se ofrec\u00edan.<\/p>\n\n\n\n<p>&nbsp;Volvi\u00f3 ayer como candidata de Morena y sus aliados a la alcald\u00eda de Hermosillo y lo hizo junto a la f\u00f3rmula que la acompa\u00f1a en esta jornada: el candidato a diputado local por el distrito X, Norberto Barraza, que trae su porra, pero no tanta; Jacobo Mendoza, un avezado acad\u00e9mico que est\u00e1 puliendo sus recursos de orador plazuelero y que trae muy \u2018masticado\u2019 el discurso obradorista, como debe ser en alguien que le toc\u00f3 fundar el partido y levantarlo desde sus cimientos.<\/p>\n\n\n\n<p>&nbsp;Discreta, pero presente, anda all\u00ed Karina Z\u00e1rate que acompa\u00f1a a Jacobo como suplente en su f\u00f3rmula y a quien el maestro no pierde oportunidad para reconocerle las aportaciones al movimiento, desde que decidi\u00f3 pasar a la bancada de Morena desde la bancada del PRI, a la que lleg\u00f3 como diputada de mayor\u00eda ganando los votos en tierra.<\/p>\n\n\n\n<p>&nbsp;Tambi\u00e9n est\u00e1n en el templete C\u00e9lida L\u00f3pez y Froyl\u00e1n G\u00e1mez, los candidatos del PT al Senado de la Rep\u00fablica y los principales y obligados promotores del \u2018Plan C\u2019.<\/p>\n\n\n\n<p>&nbsp;Esta vez no es C\u00e9lida la que toma el micr\u00f3fono, sino Froyl\u00e1n. El muchacho le echa ganas. Arenga bien y teje su discurso sobre el imperativo de ganar los tres esca\u00f1os en disputa, para continuar con la transformaci\u00f3n. C\u00e9lida parece inc\u00f3moda en su silla, no es de las que les gusta permanecer sentada; se le da m\u00e1s la necesidad del protagonismo, pero entiende que tambi\u00e9n hay que darle oportunidad a su segundo en la f\u00f3rmula, que no lo hace mal.<\/p>\n\n\n\n<p>&nbsp;Abajo, en las sillas dispuestas para la audiencia hay de todo. Desde los aburridos que cargan pancartas con aire de \u2018ya me quiero ir\u2019, hasta los que bailan a la m\u00e1s m\u00ednima provocaci\u00f3n musical; los ayudantes de los ayudantes, los animadores que buscan mantener el \u00e1nimo en una fiesta que a veces parece decaer y hasta los invitados especiales que no acaparan reflectores, pero que con su presencia mandan se\u00f1ales.<\/p>\n\n\n\n<p>&nbsp;Como Alfonso Durazo Ch\u00e1vez, mejor conocido como \u201cEl Pule\u201d, primog\u00e9nito del gobernador que est\u00e1 ah\u00ed, sin mayores aspavientos, pero no los necesita.<\/p>\n\n\n\n<p>&nbsp;En el templete, ocupa un lugar el cetemista \u00d3scar Ortiz. \u00c9l es candidato al distrito XI, que no corresponde a esa demarcaci\u00f3n, pero est\u00e1 jugando un papel clave en esta campa\u00f1a.<\/p>\n\n\n\n<p>Mar\u00eda Dolores del R\u00edo lleva cinco eventos de arranque y hasta ahora, de acuerdo a una persona muy cercana a la candidata a la alcald\u00eda, el mejor ha sido el de la colonia Nuevo Hermosillo, un basti\u00f3n cetemista de origen, donde el \u00d3scar pas\u00f3 la prueba del por qu\u00e9 gan\u00f3 a pulso la candidatura.<\/p>\n\n\n\n<p>&nbsp;Todo muy bien en la Caf\u00e9 Combate, pero nunca falta el prietito en el arroz. A Mar\u00eda Dolores del R\u00edo la atac\u00f3 el s\u00edndrome Sheinbaum y se le \u2018cuatrapearon\u2019 las palabras.<\/p>\n\n\n\n<p>Cuando hablaba de las condiciones en que se encuentra la colonia, sin pavimento y con mucho polvo en el aire, ese que afecta al pueblo, dijo que eso provocaba muchas alergias, y que ella era \u201cal\u00e9rgica al pueblo\u201d\u2026 \u201cAl polvo\u201d, corrigi\u00f3 de inmediato, pero de pronto se hizo un silencio de segundos en el mitin.<\/p>\n\n\n\n<p>&nbsp;Gajes del oficio, le llaman.<\/p>\n\n\n\n<p>&nbsp;II<\/p>\n\n\n\n<p>&nbsp;Por poquito les tocaba a los diputados infantiles estrenarse en sus labores legislativas como testigos de la nutrida manifestaci\u00f3n de sindicalistas universitarios que despu\u00e9s de una marcha con paradas en el Isssteson y el Palacio de Gobierno, llegaron al Congreso del Estado para denunciar la cerraz\u00f3n de la rector\u00eda a las negociaciones salariales y contractuales.<\/p>\n\n\n\n<p>&nbsp;El Sindicato de Trabajadores y Empleados de la Unison cumpli\u00f3 ayer 10 d\u00edas de huelga, mientras que el de acad\u00e9micos tiene emplazada a la Universidad para el 30 de abril y, de acuerdo a su dirigente, Cuauht\u00e9moc Gonz\u00e1lez ya hay avances en las negociaciones con el gobierno del estado que ha hecho ofrecimientos con la voluntad de ahuyentar el fantasma de la huelga. Con rector\u00eda tambi\u00e9n hay negociaciones, pero se advierten m\u00e1s complicadas.<\/p>\n\n\n\n<p>&nbsp;El gobierno del estado ha tenido que trascender sus facultades de mediador en el conflicto para entrarle de lleno a las negociaciones (y a sacar la chequera) ante la reticencia de la rectora Rita Plancarte para llegar a acuerdos con los sindicatos, donde los \u00e1nimos lucen caldeados y aunque los acad\u00e9micos est\u00e1n poni\u00e9ndole empe\u00f1o a las negociaciones para no estallar su huelga, la actitud intransigente de la rectora abre la puerta a la posibilidad de que el 30 de abril ambos sindicatos paralicen por completo la Universidad.<\/p>\n\n\n\n<p>&nbsp;Los sindicatos asumen que hay un tope salarial del 4% que no van a poder romper, de manera que lo que puede compensar sus demandas son incrementos en cl\u00e1usulas contractuales, pero justo ah\u00ed es donde rector\u00eda sostiene que ya no hay de d\u00f3nde disponer de recursos para cumplirles.<\/p>\n\n\n\n<p>&nbsp;El punto es que mientras en las afueras del Congreso resonaban las consignas de los universitarios, adentro el personal del recinto legislativo andaba a todo tren preparando la sesi\u00f3n anual en la que 33 ni\u00f1as y ni\u00f1os de planteles de todo el estado asumir\u00edan simb\u00f3licamente el papel de legislador@s y como siempre, despertaban la expectativa pues siempre suelen dar sorpresas en sus exposiciones.<\/p>\n\n\n\n<p>&nbsp;Acorde con los nuevos tiempos de empoderamiento femenino, la legislatura infantil se integr\u00f3 con una mayor\u00eda de 21 ni\u00f1as y 12 ni\u00f1os. Como dato curioso, 21 son los distritos que se ganan en las urnas y 12 las plurinominales. Punto para las ni\u00f1as.<\/p>\n\n\n\n<p>&nbsp;Ya instalados en sesi\u00f3n solemne, las voces infantiles en la tribuna se hicieron escuchar con llamados a las instituciones para fortalecer la promoci\u00f3n de programas en materia de desarrollo integral para las infancias; a ampliar programas deportivos, aumentar las clases de educaci\u00f3n f\u00edsica, extender la asistencia psicol\u00f3gica y el programa de becas, as\u00ed como promover las actividades culturales, la nutrici\u00f3n saludable y pol\u00edticas de descanso y recuperaci\u00f3n, entre otras.<\/p>\n\n\n\n<p>III<\/p>\n\n\n\n<p>&nbsp;Le sigue rindiendo el Plan Sonora de Energ\u00eda Sostenible al gobernador Alfonso Durazo y ahora ser\u00e1 presentado en Hannover, Alemania con la idea de buscar alianzas estrat\u00e9gicas internacionales, ante empresarios teutones hoy viernes 26 de abril.<\/p>\n\n\n\n<p>&nbsp;El foro es el Hannover Messe 2024, una feria l\u00edder a nivel mundial en la industria, la tecnolog\u00eda y la innovaci\u00f3n y en donde M\u00e9xico instalar\u00e1 un pabell\u00f3n en el que participa destacadamente la representaci\u00f3n sonorense ante una audiencia global de representantes empresariales, l\u00edderes de la industria, inversores y funcionarios gubernamentales de varios pa\u00edses.<\/p>\n\n\n\n<p>&nbsp;De hecho el gobierno de Sonora ya sostiene reuniones con organizaciones empresariales alemanas como la C\u00e1mara de Industria y Comercio de aquel pa\u00eds; la Confederaci\u00f3n de la Industria Alemana, la Asociaci\u00f3n Federal de Empresas Medianas de Alemania, entre otras.<\/p>\n\n\n\n<p>&nbsp;Dentro del programa de la feria se tendr\u00e1 acceso a nuevos mecanismos tecnol\u00f3gicos, al presentar lo \u00faltimo en tecnolog\u00eda e innovaci\u00f3n, por lo que se podr\u00e1n conocer las \u00faltimas tendencias y soluciones aplicables en Sonora para mejorar la competitividad.<\/p>\n\n\n\n<p><strong>&nbsp;Tambi\u00e9n me puedes seguir en Twitter @Chaposoto<\/strong><\/p>\n\n\n\n<p><strong>Visita www.elzancudo.com.mx<\/strong><\/p>\n","protected":false},"excerpt":{"rendered":"<p>Columna El Zancudo Arturo Soto Mungu\u00eda &nbsp;Regresar al origen Viernes 26 de abril de 2024 En los albores de este siglo, la colonia Caf\u00e9 Combate era una \u2018invasi\u00f3n\u2019, como familiarmente se les conoce a los asentamientos irregulares, esos que durante d\u00e9cadas pautaron (es un decir) el desordenado crecimiento urbano de esta capital. &nbsp;Ubicada al norte [&hellip;]<\/p>\n","protected":false},"author":1,"featured_media":10174,"comment_status":"open","ping_status":"open","sticky":false,"template":"","format":"standard","meta":{"content-type":"","footnotes":""},"categories":[125],"tags":[],"class_list":{"0":"post-10173","1":"post","2":"type-post","3":"status-publish","4":"format-standard","5":"has-post-thumbnail","7":"category-arturo-soto-munguia"},"_links":{"self":[{"href":"https:\/\/www.regioncuatronoticias.com\/index.php\/wp-json\/wp\/v2\/posts\/10173","targetHints":{"allow":["GET"]}}],"collection":[{"href":"https:\/\/www.regioncuatronoticias.com\/index.php\/wp-json\/wp\/v2\/posts"}],"about":[{"href":"https:\/\/www.regioncuatronoticias.com\/index.php\/wp-json\/wp\/v2\/types\/post"}],"author":[{"embeddable":true,"href":"https:\/\/www.regioncuatronoticias.com\/index.php\/wp-json\/wp\/v2\/users\/1"}],"replies":[{"embeddable":true,"href":"https:\/\/www.regioncuatronoticias.com\/index.php\/wp-json\/wp\/v2\/comments?post=10173"}],"version-history":[{"count":1,"href":"https:\/\/www.regioncuatronoticias.com\/index.php\/wp-json\/wp\/v2\/posts\/10173\/revisions"}],"predecessor-version":[{"id":10175,"href":"https:\/\/www.regioncuatronoticias.com\/index.php\/wp-json\/wp\/v2\/posts\/10173\/revisions\/10175"}],"wp:featuredmedia":[{"embeddable":true,"href":"https:\/\/www.regioncuatronoticias.com\/index.php\/wp-json\/wp\/v2\/media\/10174"}],"wp:attachment":[{"href":"https:\/\/www.regioncuatronoticias.com\/index.php\/wp-json\/wp\/v2\/media?parent=10173"}],"wp:term":[{"taxonomy":"category","embeddable":true,"href":"https:\/\/www.regioncuatronoticias.com\/index.php\/wp-json\/wp\/v2\/categories?post=10173"},{"taxonomy":"post_tag","embeddable":true,"href":"https:\/\/www.regioncuatronoticias.com\/index.php\/wp-json\/wp\/v2\/tags?post=10173"}],"curies":[{"name":"wp","href":"https:\/\/api.w.org\/{rel}","templated":true}]}}