{"id":10170,"date":"2024-04-26T06:34:22","date_gmt":"2024-04-26T13:34:22","guid":{"rendered":"https:\/\/www.regioncuatronoticias.com\/?p=10170"},"modified":"2024-04-26T06:34:24","modified_gmt":"2024-04-26T13:34:24","slug":"rinde-protesta-pepe-victorin-como-secretario-general-del-stirtt-hermosillo","status":"publish","type":"post","link":"https:\/\/www.regioncuatronoticias.com\/index.php\/2024\/04\/26\/rinde-protesta-pepe-victorin-como-secretario-general-del-stirtt-hermosillo\/","title":{"rendered":"Rinde protesta \u201cPepe\u201d Victorin como Secretario General del STIRTT Hermosillo"},"content":{"rendered":"\n<p>Hermosillo, Sonora; abril 26, 2024.- En una fraterna y genuina reuni\u00f3n de miembros del Sindicato de Trabajadores de la Industria de Radio y Televisi\u00f3n, en su secci\u00f3n Hermosillo, se realiz\u00f3 la toma de protesta de la mesa directiva que habr\u00e1 de gestionar beneficios y defender derechos hasta el a\u00f1o 2027.<\/p>\n\n\n\n<p>Ante el secretario general del comit\u00e9 nacional de STIRTT, Francisco Contreras Vergara, \u201cPepe\u201d Victor\u00edn inform\u00f3 que de manera unida se ha logrado trabajar siempre en beneficio de los compa\u00f1eros y sus familias, ya sea logrando mayores prestaciones en las empresas o signando convenios para atender la salud, educaci\u00f3n y capacitaci\u00f3n.<\/p>\n\n\n\n<p>Silvino Fern\u00e1ndez L\u00f3pez, secretario de trabajo del comit\u00e9 nacional del STIRTT resalt\u00f3 el trabajo, cumplimiento, transparencia y empuje de la secci\u00f3n Hermosillo, bajo el liderazgo de Victor\u00edn Figueroa.<\/p>\n\n\n\n<p>Por su parte el l\u00edder nacional del sindicato, Francisco Contreras Vergara, indic\u00f3 que en la nueva din\u00e1mica de trabajo coordinado y con liderazgos genuinos y comprometidos como el de \u201cPepe\u201d Victor\u00edn hoy el STIRTT est\u00e1 m\u00e1s fuerte, \u201ca\u00fan y cuando muchos apostaban a que habr\u00eda una gran fractura y que el sindicato iba a desaparecer, hoy estamos renovados y unidos, trabajando y jalando para un mismo lado, que es el ver por los intereses de nuestros compa\u00f1eros, para eso nos eligen y estamos trabajando hombro con hombro\u201d subray\u00f3, al comentar tambi\u00e9n que trabaja ya en una profunda reforma estatutaria de la organizaci\u00f3n sindical que vendr\u00e1 a dar fuerza, continuidad responsable y activa.<\/p>\n\n\n\n<p>Acompa\u00f1an a \u201cPepe\u201dVictor\u00edn -Secretario General- en la Secci\u00f3n Hermosillo; Dami\u00e1n Alcaraz, Secretario del Trabajo; Edwiges Guadalupe L\u00f3pez Hurtado, Secretaria de Organizaci\u00f3n; Carlos Andr\u00e9s Mart\u00ednez, Secretario de Finanzas y Dora Ofelia Acu\u00f1a, Secretaria de Educaci\u00f3n, Capacitaci\u00f3n y Adiestramiento.<\/p>\n\n\n\n<p>En la reuni\u00f3n se entreg\u00f3 un reconocimiento a \u201cPepe\u201d Victor\u00edn por sus 20 a\u00f1os al frente de la secci\u00f3n Hermosillo, en donde m\u00e1s all\u00e1 de ser el l\u00edder, se le reconoce por su compa\u00f1erismo, sensibilidad y calidez humana.<\/p>\n\n\n\n<p>Acudieron tambi\u00e9n a esta toma de protesta, Javier Villarreal G\u00e1mez, secretario general de la CTM en Sonora; \u00d3scar Ortiz Arvayo, secretario general de la CTM Hermosillo, as\u00ed como Javier L\u00f3pez \u00c1lvarez, secretario de organizaci\u00f3n y Sergio Pacheco Hern\u00e1ndez, presidente la comisi\u00f3n de Contralor\u00eda, ambos del comit\u00e9 nacional de STIRTT.<\/p>\n\n\n\n<p>La secci\u00f3n regional Hermosillo administra las relaciones obrero-patronales con 33 empresas de los municipios Hermosillo, Ures, Caborca, Magdalena y Santa Ana.<\/p>\n","protected":false},"excerpt":{"rendered":"<p>Hermosillo, Sonora; abril 26, 2024.- En una fraterna y genuina reuni\u00f3n de miembros del Sindicato de Trabajadores de la Industria de Radio y Televisi\u00f3n, en su secci\u00f3n Hermosillo, se realiz\u00f3 la toma de protesta de la mesa directiva que habr\u00e1 de gestionar beneficios y defender derechos hasta el a\u00f1o 2027. Ante el secretario general del [&hellip;]<\/p>\n","protected":false},"author":1,"featured_media":10171,"comment_status":"open","ping_status":"open","sticky":false,"template":"","format":"standard","meta":{"content-type":"","footnotes":""},"categories":[117,8,105],"tags":[],"class_list":{"0":"post-10170","1":"post","2":"type-post","3":"status-publish","4":"format-standard","5":"has-post-thumbnail","7":"category-general","8":"category-hermosillo","9":"category-principal"},"_links":{"self":[{"href":"https:\/\/www.regioncuatronoticias.com\/index.php\/wp-json\/wp\/v2\/posts\/10170","targetHints":{"allow":["GET"]}}],"collection":[{"href":"https:\/\/www.regioncuatronoticias.com\/index.php\/wp-json\/wp\/v2\/posts"}],"about":[{"href":"https:\/\/www.regioncuatronoticias.com\/index.php\/wp-json\/wp\/v2\/types\/post"}],"author":[{"embeddable":true,"href":"https:\/\/www.regioncuatronoticias.com\/index.php\/wp-json\/wp\/v2\/users\/1"}],"replies":[{"embeddable":true,"href":"https:\/\/www.regioncuatronoticias.com\/index.php\/wp-json\/wp\/v2\/comments?post=10170"}],"version-history":[{"count":1,"href":"https:\/\/www.regioncuatronoticias.com\/index.php\/wp-json\/wp\/v2\/posts\/10170\/revisions"}],"predecessor-version":[{"id":10172,"href":"https:\/\/www.regioncuatronoticias.com\/index.php\/wp-json\/wp\/v2\/posts\/10170\/revisions\/10172"}],"wp:featuredmedia":[{"embeddable":true,"href":"https:\/\/www.regioncuatronoticias.com\/index.php\/wp-json\/wp\/v2\/media\/10171"}],"wp:attachment":[{"href":"https:\/\/www.regioncuatronoticias.com\/index.php\/wp-json\/wp\/v2\/media?parent=10170"}],"wp:term":[{"taxonomy":"category","embeddable":true,"href":"https:\/\/www.regioncuatronoticias.com\/index.php\/wp-json\/wp\/v2\/categories?post=10170"},{"taxonomy":"post_tag","embeddable":true,"href":"https:\/\/www.regioncuatronoticias.com\/index.php\/wp-json\/wp\/v2\/tags?post=10170"}],"curies":[{"name":"wp","href":"https:\/\/api.w.org\/{rel}","templated":true}]}}