{"id":10158,"date":"2024-04-25T19:02:50","date_gmt":"2024-04-26T02:02:50","guid":{"rendered":"https:\/\/www.regioncuatronoticias.com\/?p=10158"},"modified":"2024-04-25T19:02:51","modified_gmt":"2024-04-26T02:02:51","slug":"presenta-sheinbaum-proyecto-para-reducir-la-pobreza-y-desigualdad","status":"publish","type":"post","link":"https:\/\/www.regioncuatronoticias.com\/index.php\/2024\/04\/25\/presenta-sheinbaum-proyecto-para-reducir-la-pobreza-y-desigualdad\/","title":{"rendered":"Presenta Sheinbaum proyecto para reducir la pobreza y desigualdad"},"content":{"rendered":"\n<p>Tuxpan, Ver. Claudia Sheinbaum, candidata presidencial de la coalici\u00f3n Sigamos haciendo historia, present\u00f3 su proyecto para la reducci\u00f3n de la pobreza y la desigualdad, con el que se propone que 7.5 millones de personas salgan de la pobreza extrema en el pa\u00eds.<\/p>\n\n\n\n<p>La propuesta es que al 2030, la pobreza extrema multidimensional quede por debajo del dos por ciento, con el efecto combinado de programas de bienestar, una prospectiva de crecimiento del PIB, de al menos 3 por ciento anual y el nuevo programa de apoyo a las mujeres de 60 a 64 a\u00f1os que plantea la candidata presidencial.<\/p>\n\n\n\n<p>Sheinbaum dijo que se trata de una \u201cperspectiva completamente distinta al modelo neoliberal\u201d, que busca \u201cla disminuci\u00f3n de la pobreza, distribuyendo la riqueza y nuestro objetivo es que no haya pobres extremos en nuestro pa\u00eds. Y si no, disminuir la pobreza extrema de manera sustantiva\u201d, lo que incluye al campo.<\/p>\n\n\n\n<p>Afirm\u00f3 que busca fortalecer el Estado de bienestar, que los programas sociales se conviertan en derechos, aunado al propio desarrollo econ\u00f3mico del pa\u00eds.<\/p>\n\n\n\n<p>La ex jefa de Gobierno de la Ciudad de M\u00e9xico consider\u00f3 oportuno dar conocer esta propuesta a unos d\u00edas del segundo debate, porque, resalt\u00f3, uno de los grandes temas ser\u00e1 reducci\u00f3n de la pobreza y la desigualdad.<\/p>\n\n\n\n<p>Afirm\u00f3 que su objetivo es \u201cseguir construyendo derechos sociales y la protecci\u00f3n de los derechos humanos. Vamos a mantener para ello todos los derechos sociales incorporados por el presidente y adem\u00e1s vamos al segundo piso de la cuarta transformaci\u00f3n\u201d.<\/p>\n\n\n\n<p>Estamos planteando sostuvo, \u201cla disminuci\u00f3n de la pobreza y de las desigualdades, que no haya pobres extremos, hombres y mujeres, ni\u00f1os y ni\u00f1as (en esa condici\u00f3n) en nuestro pa\u00eds, a trav\u00e9s de seguir ampliando los derechos sociales en esta construcci\u00f3n del Estado de bienestar en nuestro pa\u00eds.<\/p>\n\n\n\n<p>Eso se traduce, agreg\u00f3, en las distintas propuestas que hemos desarrollado: \u201cseguir avanzando en los derechos de las mujeres, con un apoyo universal de 60 a 64 a\u00f1os; asimismo, apoyo mensual a los ni\u00f1os y ni\u00f1as que van a escuelas p\u00fablicas, para fortalecer la educaci\u00f3n p\u00fablica y atender la pobreza de ni\u00f1os y ni\u00f1as\u201d.<\/p>\n\n\n\n<p>Tambi\u00e9n mencion\u00f3 otorgar mayores derechos sociales a jornaleros agr\u00edcolas y de pesca, para que tengan acceso a la Seguridad Social, as\u00ed como a repartidores de comida y de productos que \u201cmalamente las grandes trasnacionales no los contratan, sino que los hacen socios y entonces se les da un apoyo que ni siquiera est\u00e1 asociado al salario m\u00ednimo\u201d, por lo que sus ingresos son b\u00e1sicamente las propinas.<\/p>\n\n\n\n<p>Indic\u00f3 que esta precariedad laboral \u201cque se ha desarrollado en distintos sectores, necesitamos irla incorporando a la formalizaci\u00f3n\u201d.<\/p>\n\n\n\n<p>Mencion\u00f3 tambi\u00e9n apoyar a las mujeres a trav\u00e9s de centros p\u00fablicos de cuidados o de educaci\u00f3n inicial. \u201cNo son estancias infantiles que se permitieron con (Felipe) Calder\u00f3n por la corrupci\u00f3n; no son guarder\u00edas porque no se trata de guardar a los ni\u00f1os y a las ni\u00f1as, sino realmente de atenci\u00f3n a la primera infancia. Tenemos que ir de manera paulatina por los recursos que esto implica, y vamos a atender primero a quienes m\u00e1s lo necesitan, que son mujeres jornaleras y de la maquila\u201d.<\/p>\n\n\n\n<p>Mencion\u00f3 adem\u00e1s que fortalecer\u00e1 el derecho a la educaci\u00f3n desde la educaci\u00f3n inicial hasta el posgrado, particularmente ampliando la matr\u00edcula y becas en la media superior y superior, as\u00ed como el acceso a la salud, a trav\u00e9s del fortalecimiento del IMSS del ISSSTE y del nuevo sistema IMSS bienestar, que \u201cnos va a tocar consolidarlo\u201d.<\/p>\n\n\n\n<p>Al detallar el proyecto, Violeta Rojas, coordinadora del eje bienestar y reducci\u00f3n de la desigualdad, mencion\u00f3 que con la cuarta transformaci\u00f3n, la pol\u00edtica social se entiende como \u201cun ecosistema de estrategias para el bienestar nacional. Tenemos por lo menos la pol\u00edtica social m\u00e1s grande de la historia, estabilidad del crecimiento econ\u00f3mico, los proyectos estrat\u00e9gicos y de desarrollo regional, adem\u00e1s de los incrementos al salario m\u00ednimo y nuevos derechos laborales\u201d.<\/p>\n\n\n\n<p>Record\u00f3 que los programas sociales se volvieron universales, directos y son derechos constituciones, adem\u00e1s de que est\u00e1n blindados contra su uso electoral y contra la estigmatizaci\u00f3n.<\/p>\n\n\n\n<p>Expuso que con la pol\u00edtica social actual se redujo la pobreza, al pasar de 49.1 de la poblaci\u00f3n en esa condici\u00f3n en 2018, y ahora son 36.3. \u201c5.1 millones de personas salieron de la pobreza, que es m\u00e1s o menos el equivalente de la poblaci\u00f3n total del Chiapas para que se den una idea de cu\u00e1nta gente pudo por fin vivir con dignamente\u201d.<\/p>\n\n\n\n<p>Indic\u00f3 que tambi\u00e9n se redujo la desigualdad consistentemente durante la cuarta transformaci\u00f3n. \u201cNosotros hemos pasado de 2018 a 2022 de 0.46 a 0.43 en la escala del coeficiente de GINI, lo que nos pone en el promedio internacional cercano al coeficiente que tienen pa\u00edses como Uruguay o Chile\u201d.<\/p>\n\n\n\n<p>Mencion\u00f3 que tan solo de los siete programas donde los derechohabientes reciben transferencias de recursos -pensi\u00f3n para adultos mayores, para las personas con discapacidad, becas para el Bienestar Benito Ju\u00e1rez, el programa de apoyo para bienestar de hijos e hijas de madres trabajadoras, J\u00f3venes Construyendo el Futuro, Sembrando Vida y Producci\u00f3n para el Bienestar-, casi ocho de cada diez hogares en M\u00e9xico reciben al menos uno de estos esquemas, en los cuales se han invertido 2.7 billones de pesos.<\/p>\n\n\n\n<p>En el segundo piso de la transformaci\u00f3n, la propuesta es contar, adem\u00e1s, con nuevos programas. La pensi\u00f3n para mujeres de 60 a 64 a\u00f1os, consistente en un apoyo bimestral equivalente a la mitad de la pensi\u00f3n de 65 y m\u00e1s. La meta es llegar en 2025 a un millones de mujeres e incrementar paulatinamente hasta hacerlo universal.<br>El siguiente programa prioritario ser\u00e1 becas para el bienestar en educaci\u00f3n b\u00e1sica, el objetivo es alcanzar 24 millones de estudiantes de ese nivel.<\/p>\n\n\n\n<p>Tambi\u00e9n mencion\u00f3 reforzar el programa de hijos e hijas de madres trabajadoras; un programa para jornaleros en agricultura y pesca, a fin de garantizarles acceso a la salud y educaci\u00f3n; un sistema nacional de cuidados.<\/p>\n\n\n\n<p>\u201cEl resto de los programas se va a mantener y se van a garantizar los aumentos anuales superiores a la inflaci\u00f3n para que no pierdan su poder adquisitivo\u201d. Subray\u00f3 aumentar el salario m\u00ednimo hasta alcanzar 2.5 canastas b\u00e1sicas y habr\u00e1 salarios justos para profesiones estrat\u00e9gicas, sobre todo las de sector educativo, seguridad y de salud.<\/p>\n\n\n\n<p>Resalt\u00f3 que con la pol\u00edtica de bienestar se redujo la pobreza extrema de 2020 a 2022, al pasar de 10.8 millones de personas a 9.1 millones.<\/p>\n\n\n\n<p>Y ahora la propuesta, a\u00f1adi\u00f3, es que haya una coordinaci\u00f3n de mecanismos entre autoridades y distintos niveles de gobierno, y se d\u00e9 seguimiento a la poblaci\u00f3n espec\u00edfica que est\u00e1 en pobreza extrema, adem\u00e1s de los efectos combinados de los programas sociales, la prospectiva de crecimiento del PIB, de al menos 3 por ciento anual y el nuevo programa de apoyo a las mujeres de 60 a 64 a\u00f1os.<\/p>\n","protected":false},"excerpt":{"rendered":"<p>Tuxpan, Ver. Claudia Sheinbaum, candidata presidencial de la coalici\u00f3n Sigamos haciendo historia, present\u00f3 su proyecto para la reducci\u00f3n de la pobreza y la desigualdad, con el que se propone que 7.5 millones de personas salgan de la pobreza extrema en el pa\u00eds. La propuesta es que al 2030, la pobreza extrema multidimensional quede por debajo [&hellip;]<\/p>\n","protected":false},"author":1,"featured_media":10159,"comment_status":"open","ping_status":"open","sticky":false,"template":"","format":"standard","meta":{"content-type":"","footnotes":""},"categories":[123],"tags":[],"class_list":{"0":"post-10158","1":"post","2":"type-post","3":"status-publish","4":"format-standard","5":"has-post-thumbnail","7":"category-elecciones2024"},"_links":{"self":[{"href":"https:\/\/www.regioncuatronoticias.com\/index.php\/wp-json\/wp\/v2\/posts\/10158","targetHints":{"allow":["GET"]}}],"collection":[{"href":"https:\/\/www.regioncuatronoticias.com\/index.php\/wp-json\/wp\/v2\/posts"}],"about":[{"href":"https:\/\/www.regioncuatronoticias.com\/index.php\/wp-json\/wp\/v2\/types\/post"}],"author":[{"embeddable":true,"href":"https:\/\/www.regioncuatronoticias.com\/index.php\/wp-json\/wp\/v2\/users\/1"}],"replies":[{"embeddable":true,"href":"https:\/\/www.regioncuatronoticias.com\/index.php\/wp-json\/wp\/v2\/comments?post=10158"}],"version-history":[{"count":1,"href":"https:\/\/www.regioncuatronoticias.com\/index.php\/wp-json\/wp\/v2\/posts\/10158\/revisions"}],"predecessor-version":[{"id":10160,"href":"https:\/\/www.regioncuatronoticias.com\/index.php\/wp-json\/wp\/v2\/posts\/10158\/revisions\/10160"}],"wp:featuredmedia":[{"embeddable":true,"href":"https:\/\/www.regioncuatronoticias.com\/index.php\/wp-json\/wp\/v2\/media\/10159"}],"wp:attachment":[{"href":"https:\/\/www.regioncuatronoticias.com\/index.php\/wp-json\/wp\/v2\/media?parent=10158"}],"wp:term":[{"taxonomy":"category","embeddable":true,"href":"https:\/\/www.regioncuatronoticias.com\/index.php\/wp-json\/wp\/v2\/categories?post=10158"},{"taxonomy":"post_tag","embeddable":true,"href":"https:\/\/www.regioncuatronoticias.com\/index.php\/wp-json\/wp\/v2\/tags?post=10158"}],"curies":[{"name":"wp","href":"https:\/\/api.w.org\/{rel}","templated":true}]}}