{"id":10155,"date":"2024-04-25T19:01:27","date_gmt":"2024-04-26T02:01:27","guid":{"rendered":"https:\/\/www.regioncuatronoticias.com\/?p=10155"},"modified":"2024-04-25T19:01:29","modified_gmt":"2024-04-26T02:01:29","slug":"emite-fgr-una-disculpa-por-declaraciones-del-titular-de-la-aic","status":"publish","type":"post","link":"https:\/\/www.regioncuatronoticias.com\/index.php\/2024\/04\/25\/emite-fgr-una-disculpa-por-declaraciones-del-titular-de-la-aic\/","title":{"rendered":"Emite FGR una disculpa por declaraciones del titular de la AIC"},"content":{"rendered":"\n<p>Ciudad de M\u00e9xico. La Fiscal\u00eda General de la Rep\u00fablica (FGR) emiti\u00f3 una disculpa p\u00fablica respecto de las declaraciones realizadas por el titular de la Agencia de Investigaci\u00f3n criminal (AIC) Felipe de Jes\u00fas Gallo Guti\u00e9rrez, quien afirm\u00f3 que M\u00e9xico es \u201ccampe\u00f3n\u201d en producci\u00f3n de fentanilo, y asegur\u00f3 que el funcionario utiliz\u00f3 \u201cuna palabra inadecuada para destacar la larga historia y la magnitud de la lucha contra las drogas sint\u00e9ticas en M\u00e9xico, relacionando ese tema, con el actual problema del fentanilo\u201d<\/p>\n\n\n\n<p>Lo anterior, luego de que en su conferencia ma\u00f1anera, el presidente Andr\u00e9s Manuel L\u00f3pez Obrador dijo que se trataba de dichos \u201calarmistas\u201d, y se\u00f1al\u00f3 que las declaraciones de Gallo Guti\u00e9rrez lo ten\u00eda que resolver la FGR\u201d.<\/p>\n\n\n\n<p>La AIC indic\u00f3 que el pasado martes, en la Conferencia Multilateral de Drogas Sint\u00e9ticas, que tuvo lugar en la Ciudad de M\u00e9xico, Felipe de Jes\u00fas Gallo Guti\u00e9rrez, \u201cen una parte de su intervenci\u00f3n, utiliz\u00f3 una palabra inadecuada\u201d.<\/p>\n\n\n\n<p>Seg\u00fan la AIC \u201ces evidente que dicha palabra\u201d, que fue tomada por una agencia internacional de noticias y un medio informativo mexicano, \u201cfue inadecuada; y, en raz\u00f3n de ello, Gallo se disculpa p\u00fablicamente; explicando que el prop\u00f3sito, en el que evidentemente no debi\u00f3 usar esa palabra, era destacar el largo combate legal que ha tenido que llevar a cabo nuestro pa\u00eds para combatir la producci\u00f3n, el trasiego y la exportaci\u00f3n de drogas sint\u00e9ticas\u201d.<\/p>\n\n\n\n<p>En su comunicado, la AIC de la FGR refiri\u00f3 que Gallo Guti\u00e9rrez \u201ctambi\u00e9n se\u00f1al\u00f3 c\u00f3mo se ha ido logrando que las agencias estadunidenses se coordinen y trabajen bajo la normatividad de nuestro pa\u00eds, llevando a cabo investigaciones conjuntas, dentro de un marco legal vigilado y aceptable, que ha permitido decomisos enormes de dichas drogas sint\u00e9ticas y de armas; todo ello con la ayuda de las Fuerzas Armadas Mexicanas y de la Guardia Nacional\u201d.<\/p>\n\n\n\n<p>La versi\u00f3n de la agencia de Investigaci\u00f3n Criminal refiere que Gallo Guti\u00e9rrez \u201cadvirti\u00f3 de todos los peligros que significan las redes internacionales que tratan de industrializar la producci\u00f3n y la exportaci\u00f3n de drogas; y lo que se ha venido haciendo frente a ello, que es una tarea que, indudablemente, tambi\u00e9n es digna de atenci\u00f3n y reconocimiento\u201d.<\/p>\n\n\n\n<p>La AIC se\u00f1al\u00f3 que \u201ccuidar\u00e1 puntualmente la informaci\u00f3n que emite, con objeto de que no se repita una situaci\u00f3n como la ya referida\u201d.<\/p>\n","protected":false},"excerpt":{"rendered":"<p>Ciudad de M\u00e9xico. La Fiscal\u00eda General de la Rep\u00fablica (FGR) emiti\u00f3 una disculpa p\u00fablica respecto de las declaraciones realizadas por el titular de la Agencia de Investigaci\u00f3n criminal (AIC) Felipe de Jes\u00fas Gallo Guti\u00e9rrez, quien afirm\u00f3 que M\u00e9xico es \u201ccampe\u00f3n\u201d en producci\u00f3n de fentanilo, y asegur\u00f3 que el funcionario utiliz\u00f3 \u201cuna palabra inadecuada para destacar [&hellip;]<\/p>\n","protected":false},"author":1,"featured_media":10156,"comment_status":"open","ping_status":"open","sticky":false,"template":"","format":"standard","meta":{"content-type":"","footnotes":""},"categories":[105],"tags":[],"class_list":{"0":"post-10155","1":"post","2":"type-post","3":"status-publish","4":"format-standard","5":"has-post-thumbnail","7":"category-principal"},"_links":{"self":[{"href":"https:\/\/www.regioncuatronoticias.com\/index.php\/wp-json\/wp\/v2\/posts\/10155","targetHints":{"allow":["GET"]}}],"collection":[{"href":"https:\/\/www.regioncuatronoticias.com\/index.php\/wp-json\/wp\/v2\/posts"}],"about":[{"href":"https:\/\/www.regioncuatronoticias.com\/index.php\/wp-json\/wp\/v2\/types\/post"}],"author":[{"embeddable":true,"href":"https:\/\/www.regioncuatronoticias.com\/index.php\/wp-json\/wp\/v2\/users\/1"}],"replies":[{"embeddable":true,"href":"https:\/\/www.regioncuatronoticias.com\/index.php\/wp-json\/wp\/v2\/comments?post=10155"}],"version-history":[{"count":1,"href":"https:\/\/www.regioncuatronoticias.com\/index.php\/wp-json\/wp\/v2\/posts\/10155\/revisions"}],"predecessor-version":[{"id":10157,"href":"https:\/\/www.regioncuatronoticias.com\/index.php\/wp-json\/wp\/v2\/posts\/10155\/revisions\/10157"}],"wp:featuredmedia":[{"embeddable":true,"href":"https:\/\/www.regioncuatronoticias.com\/index.php\/wp-json\/wp\/v2\/media\/10156"}],"wp:attachment":[{"href":"https:\/\/www.regioncuatronoticias.com\/index.php\/wp-json\/wp\/v2\/media?parent=10155"}],"wp:term":[{"taxonomy":"category","embeddable":true,"href":"https:\/\/www.regioncuatronoticias.com\/index.php\/wp-json\/wp\/v2\/categories?post=10155"},{"taxonomy":"post_tag","embeddable":true,"href":"https:\/\/www.regioncuatronoticias.com\/index.php\/wp-json\/wp\/v2\/tags?post=10155"}],"curies":[{"name":"wp","href":"https:\/\/api.w.org\/{rel}","templated":true}]}}