{"id":10140,"date":"2024-04-25T08:59:05","date_gmt":"2024-04-25T15:59:05","guid":{"rendered":"https:\/\/www.regioncuatronoticias.com\/?p=10140"},"modified":"2024-04-25T09:00:00","modified_gmt":"2024-04-25T16:00:00","slug":"captan-a-convoy-de-hombres-armados-en-el-sasabe-sonora-donde-el-cartel-de-sinaloa-se-disputa-el-trafico-de-migrantes","status":"publish","type":"post","link":"https:\/\/www.regioncuatronoticias.com\/index.php\/2024\/04\/25\/captan-a-convoy-de-hombres-armados-en-el-sasabe-sonora-donde-el-cartel-de-sinaloa-se-disputa-el-trafico-de-migrantes\/","title":{"rendered":"Captan a convoy de hombres armados en El S\u00e1sabe, Sonora, donde el C\u00e1rtel de Sinaloa se disputa el tr\u00e1fico de migrantes"},"content":{"rendered":"\n<p>Un video que fue compartido en redes sociales muestra el momento que un convoy de sujetos armados llega supuestamente al municipio fronterizo de El S\u00e1sabe,<\/p>\n\n\n\n<p>De acuerdo con la informaci\u00f3n disponible, este grupo armado irrumpi\u00f3 en el municipio fronterizo la ma\u00f1ana de este jueves con la intenci\u00f3n de apoderarse de la zona en donde c\u00e9lulas del C\u00e1rtel de Sinaloa se disputan el control de tr\u00e1fico de migrantes.<\/p>\n\n\n\n<p>Supuestamente estos sujetos armados, de los cuales se desconoce a qu\u00e9 c\u00e9lula criminal pertenecen, estaban a 100 metros de la Aduana Fronteriza con los Estados Unidos, sin que alguna autoridad los enfrentara. Seg\u00fan los reportes, las familias que viven en la zona cruzaron a los EEUU para protegerse de los posibles ataques de estos criminales como ha sucedido en meses anteriores.<\/p>\n\n\n\n<p>Por su parte, la Mesa Estatal de Seguridad del Estado de Sonora apunt\u00f3 que \u201cno se cuenta con informaci\u00f3n que confirme temporalidad ni lugar de los hechos, corporaciones se encuentran en la zona sin registro de incidentes\u201d.<\/p>\n\n\n\n<p>Adem\u00e1s, la Mesa de Seguridad subray\u00f3 que actualmente no se tiene reporte al n\u00famero de emergencias 911 ni en otras instituciones de seguridad de los tres niveles de gobierno, sobre un grupo armado que irrumpi\u00f3 a la poblaci\u00f3n del municipio de El S\u00e1sabe.<\/p>\n\n\n\n<p>\u201cLa Unidad de Inteligencia de la SSP se encuentra verificando la temporalidad y el lugar del video que circula en redes\u201d, detall\u00f3 la Mesa de Seguridad.<\/p>\n\n\n\n<figure class=\"wp-block-embed is-type-rich is-provider-twitter wp-block-embed-twitter\"><div class=\"wp-block-embed__wrapper\">\n<blockquote class=\"twitter-tweet\" data-width=\"550\" data-dnt=\"true\"><p lang=\"es\" dir=\"ltr\">IRRUMPE GRUPO ARMADO EL SASABE. Seg\u00fan pobladores de <a href=\"https:\/\/twitter.com\/hashtag\/ElS%C3%A1sabe?src=hash&amp;ref_src=twsrc%5Etfw\">#ElS\u00e1sabe<\/a>, esta ma\u00f1ana lleg\u00f3 un numeroso grupo armado a \u201capoderarse\u201d del pueblo. En este video se aprecia su fuerza. Est\u00e1n a 100 metros de la Aduana del <a href=\"https:\/\/twitter.com\/CBP?ref_src=twsrc%5Etfw\">@CBP<\/a>. Ninguna autoridad los enfrent\u00f3. Las pocas familias que viven ah\u00ed se\u2026 <a href=\"https:\/\/t.co\/YmvkEYdSTF\">pic.twitter.com\/YmvkEYdSTF<\/a><\/p>&mdash; Jorge Morales (@Jorge_MoralesB) <a href=\"https:\/\/twitter.com\/Jorge_MoralesB\/status\/1783204814920561127?ref_src=twsrc%5Etfw\">April 24, 2024<\/a><\/blockquote><script async src=\"https:\/\/platform.twitter.com\/widgets.js\" charset=\"utf-8\"><\/script>\n<\/div><\/figure>\n\n\n\n<p>El S\u00e1sabe, en disputa por c\u00e9lulas del C\u00e1rtel de Sinaloa<\/p>\n\n\n\n<p>En noviembre del 2023, la organizaci\u00f3n Insight Crime report\u00f3 que El S\u00e1sabe, localidad fronteriza con menos de 1,000 habitantes, se ha convertido en el escenario de un violento conflicto entre facciones del C\u00e1rtel de Sinaloa.<\/p>\n\n\n\n<p>El municipio, se\u00f1al\u00f3 Insight Crime, ha estado marcado por enfrentamientos armados en su plaza principal. La violencia, que estall\u00f3 a mediados de noviembre de ese a\u00f1o, ha obligado a un grupo de casi 100 personas, incluyendo ancianos, mujeres y ni\u00f1os, a buscar refugio en Estados Unidos. Seg\u00fan reportes, esta disputa no gira en torno al narcotr\u00e1fico, como en ocasiones anteriores, sino sobre el control de las rutas de tr\u00e1fico de migrantes.<\/p>\n\n\n\n<p>La situaci\u00f3n en S\u00e1sabe se ha agravado desde octubre del 2023, cuando diferencias internas dentro del C\u00e1rtel de Sinaloa por el tr\u00e1fico de drogas sint\u00e9ticas permitieron a una facci\u00f3n respaldada por Los Chapitos, hijos de Joaqu\u00edn El Chapo Guzm\u00e1n Loera, tomar control de la zona.<\/p>\n\n\n\n<p>La violencia, asegur\u00f3 se\u00f1al\u00f3 Insight Crime, ha provocado que los residentes queden atrapados sin la posibilidad de desplazarse hacia el norte o el sur, dado el control de los c\u00e1rteles y las restricciones impuestas por Estados Unidos. La lucha ha transformado a S\u00e1sabe en un peligroso punto de conflicto donde incluso personal m\u00e9dico ha huido por temor a represalias de los grupos armados.<\/p>\n\n\n\n<p>El conflicto sugiere una evoluci\u00f3n en las econom\u00edas criminales dominadas por los c\u00e1rteles, destacando el lucrativo negocio del tr\u00e1fico de migrantes. Seg\u00fan analistas y exagentes de la DEA, como Mike Vigil, quien fue entrevistado por la organizaci\u00f3n, la regi\u00f3n de Sonora es clave para estas operaciones, generando importantes sumas de dinero para el C\u00e1rtel de Sinaloa.<\/p>\n\n\n\n<p>La pol\u00edtica migratoria de Estados Unidos y la demanda de servicios de cruce ilegal han hecho que los migrantes sean una fuente de ingresos incluso mayor que el narcotr\u00e1fico en ciertas \u00e1reas.<\/p>\n\n\n\n<p>Los enfrentamientos tambi\u00e9n reflejan un momento de incertidumbre para el C\u00e1rtel de Sinaloa, especialmente tras la prohibici\u00f3n de la producci\u00f3n y tr\u00e1fico de fentanilo impuesta por Los Chapitos. A medida que se reduce el tr\u00e1fico de drogas sint\u00e9ticas, el control sobre el flujo migratorio emerge como una alternativa econ\u00f3micamente viable para el grupo criminal.<\/p>\n","protected":false},"excerpt":{"rendered":"<p>Un video que fue compartido en redes sociales muestra el momento que un convoy de sujetos armados llega supuestamente al municipio fronterizo de El S\u00e1sabe, De acuerdo con la informaci\u00f3n disponible, este grupo armado irrumpi\u00f3 en el municipio fronterizo la ma\u00f1ana de este jueves con la intenci\u00f3n de apoderarse de la zona en donde c\u00e9lulas [&hellip;]<\/p>\n","protected":false},"author":1,"featured_media":10144,"comment_status":"open","ping_status":"open","sticky":false,"template":"","format":"standard","meta":{"content-type":"","footnotes":""},"categories":[105,113],"tags":[],"class_list":{"0":"post-10140","1":"post","2":"type-post","3":"status-publish","4":"format-standard","5":"has-post-thumbnail","7":"category-principal","8":"category-seguridad"},"_links":{"self":[{"href":"https:\/\/www.regioncuatronoticias.com\/index.php\/wp-json\/wp\/v2\/posts\/10140","targetHints":{"allow":["GET"]}}],"collection":[{"href":"https:\/\/www.regioncuatronoticias.com\/index.php\/wp-json\/wp\/v2\/posts"}],"about":[{"href":"https:\/\/www.regioncuatronoticias.com\/index.php\/wp-json\/wp\/v2\/types\/post"}],"author":[{"embeddable":true,"href":"https:\/\/www.regioncuatronoticias.com\/index.php\/wp-json\/wp\/v2\/users\/1"}],"replies":[{"embeddable":true,"href":"https:\/\/www.regioncuatronoticias.com\/index.php\/wp-json\/wp\/v2\/comments?post=10140"}],"version-history":[{"count":2,"href":"https:\/\/www.regioncuatronoticias.com\/index.php\/wp-json\/wp\/v2\/posts\/10140\/revisions"}],"predecessor-version":[{"id":10146,"href":"https:\/\/www.regioncuatronoticias.com\/index.php\/wp-json\/wp\/v2\/posts\/10140\/revisions\/10146"}],"wp:featuredmedia":[{"embeddable":true,"href":"https:\/\/www.regioncuatronoticias.com\/index.php\/wp-json\/wp\/v2\/media\/10144"}],"wp:attachment":[{"href":"https:\/\/www.regioncuatronoticias.com\/index.php\/wp-json\/wp\/v2\/media?parent=10140"}],"wp:term":[{"taxonomy":"category","embeddable":true,"href":"https:\/\/www.regioncuatronoticias.com\/index.php\/wp-json\/wp\/v2\/categories?post=10140"},{"taxonomy":"post_tag","embeddable":true,"href":"https:\/\/www.regioncuatronoticias.com\/index.php\/wp-json\/wp\/v2\/tags?post=10140"}],"curies":[{"name":"wp","href":"https:\/\/api.w.org\/{rel}","templated":true}]}}