{"id":10119,"date":"2024-04-25T08:43:09","date_gmt":"2024-04-25T15:43:09","guid":{"rendered":"https:\/\/www.regioncuatronoticias.com\/?p=10119"},"modified":"2024-04-25T08:43:12","modified_gmt":"2024-04-25T15:43:12","slug":"niega-milei-cierre-de-universidades-en-argentina","status":"publish","type":"post","link":"https:\/\/www.regioncuatronoticias.com\/index.php\/2024\/04\/25\/niega-milei-cierre-de-universidades-en-argentina\/","title":{"rendered":"Niega Milei cierre de universidades en Argentina"},"content":{"rendered":"\n<p>Buenos Aires. El presidente argentino Javier Milei neg\u00f3 el mi\u00e9rcoles que vaya a cerrar las universidades p\u00fablicas y garantiz\u00f3 el giro de fondos para su funcionamiento un d\u00eda despu\u00e9s de las multitudinarias protestas en todo el pa\u00eds contra los recortes presupuestarios en la educaci\u00f3n superior p\u00fablica.<\/p>\n\n\n\n<p>El mandatario ultraderechista, no obstante, lament\u00f3 la utilizaci\u00f3n pol\u00edtica que sectores de la oposici\u00f3n hicieron de las movilizaciones y advirti\u00f3 que auditar\u00e1 el uso del dinero p\u00fablico destinado a los centros de estudios, aunque esa no es facultad del Poder Ejecutivo.<\/p>\n\n\n\n<p>\u201cEn ning\u00fan momento el gobierno nacional insinu\u00f3 la intenci\u00f3n de cerrar las universidades nacionales\u201d, expres\u00f3 Milei en una extensa publicaci\u00f3n en redes sociales con la que acus\u00f3 recibo de la mayor protesta callejera registrada hasta ahora contra su plan de ajuste.<\/p>\n\n\n\n<p>Buenos Aires. Miles de estudiantes y profesores de universidades p\u00fablicas de todo el pa\u00eds, con la adhesi\u00f3n de sindicatos, organizaciones sociales y partidos de la oposici\u00f3n, se manifestaron la v\u00edspera en el centro de Buenos Aires y otros puntos del pa\u00eds en defensa de la educaci\u00f3n p\u00fablica y gratuita, que consideran en riesgo por la decisi\u00f3n del presidente ultraliberal de mantener el presupuesto nacional de 2023 pese a una inflaci\u00f3n interanual de casi 288% y disponer aumentos de partidas de forma unilateral.<\/p>\n\n\n\n<p>\u201cNuestras universidades han sufrido un fuerte ajuste en t\u00e9rminos reales en gastos de funcionamiento. Las partidas que mes a mes el Poder Ejecutivo env\u00eda a las universidades para poder funcionar, mantener edificios, realizar obras, sostener becas, las residencias, comedores, investigar, el desarrollo cient\u00edfico, laboratorios, servicios b\u00e1sicos, alquileres, todo fue congelado\u201d, seg\u00fan un documento firmado por las universidades nacionales.<\/p>\n\n\n\n<p>En referencia a las adhesiones partidarias que tuvo la protesta del martes, Milei public\u00f3 que \u201cal margen de la discusi\u00f3n acerca de cu\u00e1l modelo de educaci\u00f3n superior es deseable para un pa\u00eds en el que seis de cada diez chicos menores de 14 a\u00f1os son pobres, los mismos vivos de siempre utilizaron el escudo de una causa que suena noble para defender sus intereses\u201d.<\/p>\n\n\n\n<p>En un hecho in\u00e9dito, referentes de distintos espacios pol\u00edticos, desde la expresidenta de centroizquierda Cristina Fern\u00e9ndez de Kirchner (2007-2015); el excandidato a la presidencia del peronismo Sergio Massa; el titular de la centrista Uni\u00f3n C\u00edvica Radical (UCR), Mart\u00edn Lousteau y el exalcalde de Buenos Aires, el conservador Horacio Rodr\u00edguez Larreta, participaron de la movilizaci\u00f3n.<\/p>\n\n\n\n<p>El presidente los defini\u00f3 como \u201cactores de la clase pol\u00edtica que se oponen a cualquier cambio porque han sido los principales beneficiarios del antiguo r\u00e9gimen\u201d y los acus\u00f3 de montar \u201csobre una consigna justa, un acto netamente pol\u00edtico de oposici\u00f3n al gobierno\u201d.<\/p>\n\n\n\n<p>El Ministerio de Capital Humano, del cual depende el \u00e1rea de educaci\u00f3n, gir\u00f3 la v\u00edspera de la marcha 21.888 millones de pesos (unos 24,5 millones de d\u00f3lares) del Estado Nacional a las universidades, lo que representa, seg\u00fan esa dependencia oficial, un aumento del 70%.<\/p>\n\n\n\n<p>Pero los referentes del movimiento universitario indicaron que a\u00fan con esa mejora el presupuesto corre por detr\u00e1s de la inflaci\u00f3n.<\/p>\n\n\n\n<p>\u201cVamos a garantizar los fondos para el funcionamiento de las universidades y vamos a auditar c\u00f3mo se utilizan esos fondos\u201d, adelant\u00f3 Milei, quien d\u00edas atr\u00e1s denunci\u00f3 falta de transparencia en las universidades nacionales para el manejo de los recursos.<\/p>\n\n\n\n<p>\u201cPorque ese dinero surge del esfuerzo que hacen la mayor\u00eda de los argentinos que viven debajo de la l\u00ednea de la pobreza y no puede ni debe ser utilizado para engordar los bolsillos de algunos que han hecho un negocio de la educaci\u00f3n p\u00fablica\u201d, justific\u00f3 el presidente.<\/p>\n\n\n\n<p>No est\u00e1 claro c\u00f3mo se implementar\u00e1 esa auditor\u00eda, ya que la ley establece que el control de las universidades nacionales corresponde al Congreso a trav\u00e9s de la Auditor\u00eda General de la Naci\u00f3n. El partido de Milei, la Libertad Avanza, no posee mayor\u00eda en ninguna de las c\u00e1maras del Parlamento.<\/p>\n","protected":false},"excerpt":{"rendered":"<p>Buenos Aires. El presidente argentino Javier Milei neg\u00f3 el mi\u00e9rcoles que vaya a cerrar las universidades p\u00fablicas y garantiz\u00f3 el giro de fondos para su funcionamiento un d\u00eda despu\u00e9s de las multitudinarias protestas en todo el pa\u00eds contra los recortes presupuestarios en la educaci\u00f3n superior p\u00fablica. El mandatario ultraderechista, no obstante, lament\u00f3 la utilizaci\u00f3n pol\u00edtica [&hellip;]<\/p>\n","protected":false},"author":1,"featured_media":10122,"comment_status":"open","ping_status":"open","sticky":false,"template":"","format":"standard","meta":{"content-type":"","footnotes":""},"categories":[7],"tags":[],"class_list":{"0":"post-10119","1":"post","2":"type-post","3":"status-publish","4":"format-standard","5":"has-post-thumbnail","7":"category-internacional"},"_links":{"self":[{"href":"https:\/\/www.regioncuatronoticias.com\/index.php\/wp-json\/wp\/v2\/posts\/10119","targetHints":{"allow":["GET"]}}],"collection":[{"href":"https:\/\/www.regioncuatronoticias.com\/index.php\/wp-json\/wp\/v2\/posts"}],"about":[{"href":"https:\/\/www.regioncuatronoticias.com\/index.php\/wp-json\/wp\/v2\/types\/post"}],"author":[{"embeddable":true,"href":"https:\/\/www.regioncuatronoticias.com\/index.php\/wp-json\/wp\/v2\/users\/1"}],"replies":[{"embeddable":true,"href":"https:\/\/www.regioncuatronoticias.com\/index.php\/wp-json\/wp\/v2\/comments?post=10119"}],"version-history":[{"count":1,"href":"https:\/\/www.regioncuatronoticias.com\/index.php\/wp-json\/wp\/v2\/posts\/10119\/revisions"}],"predecessor-version":[{"id":10123,"href":"https:\/\/www.regioncuatronoticias.com\/index.php\/wp-json\/wp\/v2\/posts\/10119\/revisions\/10123"}],"wp:featuredmedia":[{"embeddable":true,"href":"https:\/\/www.regioncuatronoticias.com\/index.php\/wp-json\/wp\/v2\/media\/10122"}],"wp:attachment":[{"href":"https:\/\/www.regioncuatronoticias.com\/index.php\/wp-json\/wp\/v2\/media?parent=10119"}],"wp:term":[{"taxonomy":"category","embeddable":true,"href":"https:\/\/www.regioncuatronoticias.com\/index.php\/wp-json\/wp\/v2\/categories?post=10119"},{"taxonomy":"post_tag","embeddable":true,"href":"https:\/\/www.regioncuatronoticias.com\/index.php\/wp-json\/wp\/v2\/tags?post=10119"}],"curies":[{"name":"wp","href":"https:\/\/api.w.org\/{rel}","templated":true}]}}