{"id":10107,"date":"2024-04-25T08:39:17","date_gmt":"2024-04-25T15:39:17","guid":{"rendered":"https:\/\/www.regioncuatronoticias.com\/?p=10107"},"modified":"2024-04-25T08:39:24","modified_gmt":"2024-04-25T15:39:24","slug":"caso-ayotzinapa-amlo-va-contra-80-liberados","status":"publish","type":"post","link":"https:\/\/www.regioncuatronoticias.com\/index.php\/2024\/04\/25\/caso-ayotzinapa-amlo-va-contra-80-liberados\/","title":{"rendered":"Caso Ayotzinapa: AMLO va contra 80 liberados"},"content":{"rendered":"\n<p><em>Ciudad de M\u00e9xico.<\/em>&nbsp;El presidente Andr\u00e9s Manuel L\u00f3pez Obrador anunci\u00f3 ayer que su gobierno prev\u00e9 abrir nuevos expedientes y acusaciones contra los m\u00e1s de 80 presuntos implicados en la desaparici\u00f3n de los 43 estudiantes de Ayotzinapa que fueron liberados por orden judicial con el argumento de que sufrieron tortura.<\/p>\n\n\n\n<p>\u201c\u00bfSaben a cu\u00e1ntos liberaron? A m\u00e1s de 80. Y muchos de esos, que los defendieron los de derechos humanos argumentando que los hab\u00edan torturado, s\u00ed participaron en la desaparici\u00f3n de los j\u00f3venes, y tenemos las pruebas. Entonces, est\u00e1n libres, pero podemos \u2013y en su momento lo vamos a hacer, estamos esperando los tiempos\u2013 abrir nuevos expedientes\u201d, afirm\u00f3 el mandatario.<\/p>\n\n\n\n<p>Al apuntar que esas liberaciones no pudieron darse \u00fanicamente por la decisi\u00f3n de los jueces, sino que tuvieron que ser consultadas con la Suprema Corte, insisti\u00f3 en que la reforma a la Ley de Amnist\u00eda se usar\u00e1&nbsp;<q>b\u00e1sicamente<\/q>&nbsp;para resolver el caso Ayotzinapa.<\/p>\n\n\n\n<p>\u2013\u00bfC\u00f3mo aplicar la ley si ya fueron liberados muchos de los implicados? \u2013se le pregunt\u00f3 horas antes de que la reforma a la Ley de Amnist\u00eda fuera aprobada ayer mismo por la C\u00e1mara de Diputados.<\/p>\n\n\n\n<p>\u2013Ellos deben saber que los liberaron de manera injusta e ilegal, porque tenemos pruebas de que los excarcelaron y no los hab\u00edan torturado, y ellos argumentaron que hab\u00edan padecido de torturas; otros s\u00ed fueron torturados, pero no todos.<\/p>\n\n\n\n<p>L\u00f3pez Obrador asegur\u00f3 que la Ley de Amnist\u00eda&nbsp;<q>nos va a ayudar mucho<\/q>&nbsp;a localizar a los j\u00f3venes desaparecidos.<\/p>\n\n\n\n<p>Se le consult\u00f3 sobre si le alcanzar\u00e1 el tiempo que le queda como Presidente para abrir los nuevos expedientes, obtener la informaci\u00f3n que permita aclara el caso y otorgar las amnist\u00edas a quienes colaboren. Respondi\u00f3: S\u00ed, s\u00ed nos alcanza el tiempo, porque es hacer las cosas legales.<\/p>\n\n\n\n<p>Record\u00f3 que muchos de los que participaron y fueron liberados salieron de la c\u00e1rcel apenas un par de a\u00f1os despu\u00e9s de haber sido aprehendidos. Eso, asegur\u00f3,&nbsp;<q>no fue un asunto nada m\u00e1s de jueces, porque para liberar 80 presuntos responsables en la desaparici\u00f3n de los j\u00f3venes de Ayotzinapa tuvo que haber una consulta al presidente de la Corte de entonces. No se avienta un juez algo as\u00ed solo, por mucho que hablen de autonom\u00eda<\/q>.<\/p>\n\n\n\n<p>Ante la pregunta de si aplicar\u00eda la ley para otorgar amnist\u00eda a Israel Vallarta, preso desde el sexenio de Felipe Calder\u00f3n sin sentencia por su presunta vinculaci\u00f3n con una banda de secuestradores, reafirm\u00f3 que podr\u00eda ser beneficiado con el cambio legal.<\/p>\n","protected":false},"excerpt":{"rendered":"<p>Ciudad de M\u00e9xico.&nbsp;El presidente Andr\u00e9s Manuel L\u00f3pez Obrador anunci\u00f3 ayer que su gobierno prev\u00e9 abrir nuevos expedientes y acusaciones contra los m\u00e1s de 80 presuntos implicados en la desaparici\u00f3n de los 43 estudiantes de Ayotzinapa que fueron liberados por orden judicial con el argumento de que sufrieron tortura. \u201c\u00bfSaben a cu\u00e1ntos liberaron? A m\u00e1s de [&hellip;]<\/p>\n","protected":false},"author":1,"featured_media":10108,"comment_status":"open","ping_status":"open","sticky":false,"template":"","format":"standard","meta":{"content-type":"","footnotes":""},"categories":[3],"tags":[],"class_list":{"0":"post-10107","1":"post","2":"type-post","3":"status-publish","4":"format-standard","5":"has-post-thumbnail","7":"category-mexico"},"_links":{"self":[{"href":"https:\/\/www.regioncuatronoticias.com\/index.php\/wp-json\/wp\/v2\/posts\/10107","targetHints":{"allow":["GET"]}}],"collection":[{"href":"https:\/\/www.regioncuatronoticias.com\/index.php\/wp-json\/wp\/v2\/posts"}],"about":[{"href":"https:\/\/www.regioncuatronoticias.com\/index.php\/wp-json\/wp\/v2\/types\/post"}],"author":[{"embeddable":true,"href":"https:\/\/www.regioncuatronoticias.com\/index.php\/wp-json\/wp\/v2\/users\/1"}],"replies":[{"embeddable":true,"href":"https:\/\/www.regioncuatronoticias.com\/index.php\/wp-json\/wp\/v2\/comments?post=10107"}],"version-history":[{"count":1,"href":"https:\/\/www.regioncuatronoticias.com\/index.php\/wp-json\/wp\/v2\/posts\/10107\/revisions"}],"predecessor-version":[{"id":10109,"href":"https:\/\/www.regioncuatronoticias.com\/index.php\/wp-json\/wp\/v2\/posts\/10107\/revisions\/10109"}],"wp:featuredmedia":[{"embeddable":true,"href":"https:\/\/www.regioncuatronoticias.com\/index.php\/wp-json\/wp\/v2\/media\/10108"}],"wp:attachment":[{"href":"https:\/\/www.regioncuatronoticias.com\/index.php\/wp-json\/wp\/v2\/media?parent=10107"}],"wp:term":[{"taxonomy":"category","embeddable":true,"href":"https:\/\/www.regioncuatronoticias.com\/index.php\/wp-json\/wp\/v2\/categories?post=10107"},{"taxonomy":"post_tag","embeddable":true,"href":"https:\/\/www.regioncuatronoticias.com\/index.php\/wp-json\/wp\/v2\/tags?post=10107"}],"curies":[{"name":"wp","href":"https:\/\/api.w.org\/{rel}","templated":true}]}}