{"id":10104,"date":"2024-04-25T08:42:24","date_gmt":"2024-04-25T15:42:24","guid":{"rendered":"https:\/\/www.regioncuatronoticias.com\/?p=10104"},"modified":"2024-04-25T08:42:26","modified_gmt":"2024-04-25T15:42:26","slug":"cuba-llama-a-consolidar-labor-humanista-y-emancipadora-de-alba","status":"publish","type":"post","link":"https:\/\/www.regioncuatronoticias.com\/index.php\/2024\/04\/25\/cuba-llama-a-consolidar-labor-humanista-y-emancipadora-de-alba\/","title":{"rendered":"Cuba llama a consolidar labor humanista y emancipadora de ALBA"},"content":{"rendered":"\n<p><em>La Habana.&nbsp;<\/em>El presidente cubano, Miguel D\u00edaz-Canel, destac\u00f3 este mi\u00e9rcoles la esencia humanista y social de la Alianza Bolivariana de los Pueblos de Am\u00e9rica (ALBA) y llam\u00f3 a continuar trabajando para consolidar sus logros, en su discurso durante la Cumbre de jefes de Estado y gobierno de este \u00f3rgano continental que sesion\u00f3 en Venezuela.<\/p>\n\n\n\n<p>&#8220;Nos acercamos al vig\u00e9simo aniversario de la fundaci\u00f3n de esta alianza emancipadora y unitaria, impulsada con \u00e9xito por dos grandes e inolvidables l\u00edderes de nuestra Am\u00e9rica, el comandante Hugo Ch\u00e1vez (Venezuela) y el comandante Fidel Castro (Cuba) y lo hacemos con el compromiso de continuar trabajando en su consolidaci\u00f3n y en la preservaci\u00f3n de su esencia humanista y social&#8221;, expres\u00f3 el mandatario\u200b\u200b\u200b.<\/p>\n\n\n\n<p>El jefe de Estado denunci\u00f3 que la doctrina Monroe, dos siglos despu\u00e9s de enunciada por Estados Unidos, sigue amenazando el destino de Am\u00e9rica Latina.<\/p>\n\n\n\n<p>&#8220;El imperialismo persiste en su proyecto de dominaci\u00f3n sobre nuestras tierras, financia y promueve la violencia, la desestabilizaci\u00f3n y los discursos de odio. Ataca a las fuerzas de izquierda y progresistas y pretende borrar la historia de lucha y resistencia de los pueblos&#8221;, afirm\u00f3.<\/p>\n","protected":false},"excerpt":{"rendered":"<p>La Habana.&nbsp;El presidente cubano, Miguel D\u00edaz-Canel, destac\u00f3 este mi\u00e9rcoles la esencia humanista y social de la Alianza Bolivariana de los Pueblos de Am\u00e9rica (ALBA) y llam\u00f3 a continuar trabajando para consolidar sus logros, en su discurso durante la Cumbre de jefes de Estado y gobierno de este \u00f3rgano continental que sesion\u00f3 en Venezuela. &#8220;Nos acercamos [&hellip;]<\/p>\n","protected":false},"author":1,"featured_media":10120,"comment_status":"open","ping_status":"open","sticky":false,"template":"","format":"standard","meta":{"content-type":"","footnotes":""},"categories":[7],"tags":[],"class_list":{"0":"post-10104","1":"post","2":"type-post","3":"status-publish","4":"format-standard","5":"has-post-thumbnail","7":"category-internacional"},"_links":{"self":[{"href":"https:\/\/www.regioncuatronoticias.com\/index.php\/wp-json\/wp\/v2\/posts\/10104","targetHints":{"allow":["GET"]}}],"collection":[{"href":"https:\/\/www.regioncuatronoticias.com\/index.php\/wp-json\/wp\/v2\/posts"}],"about":[{"href":"https:\/\/www.regioncuatronoticias.com\/index.php\/wp-json\/wp\/v2\/types\/post"}],"author":[{"embeddable":true,"href":"https:\/\/www.regioncuatronoticias.com\/index.php\/wp-json\/wp\/v2\/users\/1"}],"replies":[{"embeddable":true,"href":"https:\/\/www.regioncuatronoticias.com\/index.php\/wp-json\/wp\/v2\/comments?post=10104"}],"version-history":[{"count":1,"href":"https:\/\/www.regioncuatronoticias.com\/index.php\/wp-json\/wp\/v2\/posts\/10104\/revisions"}],"predecessor-version":[{"id":10121,"href":"https:\/\/www.regioncuatronoticias.com\/index.php\/wp-json\/wp\/v2\/posts\/10104\/revisions\/10121"}],"wp:featuredmedia":[{"embeddable":true,"href":"https:\/\/www.regioncuatronoticias.com\/index.php\/wp-json\/wp\/v2\/media\/10120"}],"wp:attachment":[{"href":"https:\/\/www.regioncuatronoticias.com\/index.php\/wp-json\/wp\/v2\/media?parent=10104"}],"wp:term":[{"taxonomy":"category","embeddable":true,"href":"https:\/\/www.regioncuatronoticias.com\/index.php\/wp-json\/wp\/v2\/categories?post=10104"},{"taxonomy":"post_tag","embeddable":true,"href":"https:\/\/www.regioncuatronoticias.com\/index.php\/wp-json\/wp\/v2\/tags?post=10104"}],"curies":[{"name":"wp","href":"https:\/\/api.w.org\/{rel}","templated":true}]}}