{"id":10103,"date":"2024-04-25T08:38:28","date_gmt":"2024-04-25T15:38:28","guid":{"rendered":"https:\/\/www.regioncuatronoticias.com\/?p=10103"},"modified":"2024-04-25T08:38:30","modified_gmt":"2024-04-25T15:38:30","slug":"desecha-el-tepjf-suspender-mananeras","status":"publish","type":"post","link":"https:\/\/www.regioncuatronoticias.com\/index.php\/2024\/04\/25\/desecha-el-tepjf-suspender-mananeras\/","title":{"rendered":"Desecha el TEPJF suspender ma\u00f1aneras"},"content":{"rendered":"\n<p><em>Ciudad de M\u00e9xico.&nbsp;<\/em>Debido a que son una forma de comunicaci\u00f3n gubernamental que no est\u00e1 prohibida en s\u00ed misma y cuyo contenido debe analizarse caso por caso, la difusi\u00f3n de las conferencias matutinas del presidente Andr\u00e9s Manuel L\u00f3pez Obrador no puede suspenderse, resolvi\u00f3 el Tribunal Electoral del Poder Judicial de la Federaci\u00f3n (TEPJF).<\/p>\n\n\n\n<p>Esta instancia rechaz\u00f3 la impugnaci\u00f3n al acuerdo del Instituto Nacional Electoral (INE) presentada por PAN, PRI y PRD, los cuales manifestaron que su solicitud de suspensi\u00f3n no fue analizada&nbsp;<q>de manera exhaustiva desde una perspectiva contextual y de integridad electoral en el proceso que est\u00e1 en curso<\/q>.<\/p>\n\n\n\n<p>Sin embargo, la sala superior determin\u00f3 que&nbsp;<q>conforme a la doctrina constitucional que ha desarrollado sobre las conferencias matutinas del Presidente de la Rep\u00fablica, en s\u00ed mismas no son il\u00edcitas, por lo que no puede ordenarse la suspensi\u00f3n generalizada de su difusi\u00f3n<\/q>.<\/p>\n\n\n\n<p>El pleno coincidi\u00f3 en que son actos de comunicaci\u00f3n social del gobierno que,&nbsp;<q>por su naturaleza intr\u00ednseca<\/q>, no constituyen propaganda gubernamental, prohibida por los art\u00edculos 41 y 134 de la Constituci\u00f3n federal.<\/p>\n\n\n\n<p>Incluso la magistrada Janine Ot\u00e1lora, quien en este proceso electoral se ha mostrado m\u00e1s dura en sus votaciones y proyectos, dijo que&nbsp;<q>las ma\u00f1aneras no implican por s\u00ed mismas una cuesti\u00f3n ilegal, pero en el caso de los servidores p\u00fablicos existe un deber especial de cuidado, y entre mayor sea el cargo, mayor ser\u00e1 la responsabilidad y el deber de cuidado en el ejercicio de sus funciones<\/q>.<\/p>\n\n\n\n<p>El magistrado Reyes Rodr\u00edguez manifest\u00f3 que los agravios se\u00f1alados por los partidos de oposici\u00f3n&nbsp;<q>son ineficaces para demostrar que el Consejo General del INE deb\u00eda aprobar el proyecto de acuerdo de suspensi\u00f3n de las conferencias matutinas y que, al no haberlo hecho, estaba incumpliendo con alguna obligaci\u00f3n legal<\/q>.<\/p>\n\n\n\n<p>El pleno estim\u00f3 que ordenar la suspensi\u00f3n total de la difusi\u00f3n de las ma\u00f1aneras conllevar\u00eda una especie de censura previa inadmisible en una sociedad democr\u00e1tica.<\/p>\n\n\n\n<p>En tanto, la sala superior orden\u00f3 al gobernador de Yucat\u00e1n, Mauricio Vila Dosal, separarse de su cargo para participar como candidato a senador por el PAN por el principio de representaci\u00f3n proporcional.<\/p>\n\n\n\n<p>Un ciudadano impugn\u00f3 la omisi\u00f3n del gobernador y la sala superior le dio la raz\u00f3n.<\/p>\n\n\n\n<p>El pleno se\u00f1al\u00f3 que Vila Dosal es la fuerza p\u00fablica en los distritos donde se elegir\u00e1n las senadur\u00edas de representaci\u00f3n proporcional que comprende Yucat\u00e1n, por lo que le orden\u00f3 pedir licencia dentro de los 10 d\u00edas naturales posteriores a la notificaci\u00f3n de la sentencia.<\/p>\n","protected":false},"excerpt":{"rendered":"<p>Ciudad de M\u00e9xico.&nbsp;Debido a que son una forma de comunicaci\u00f3n gubernamental que no est\u00e1 prohibida en s\u00ed misma y cuyo contenido debe analizarse caso por caso, la difusi\u00f3n de las conferencias matutinas del presidente Andr\u00e9s Manuel L\u00f3pez Obrador no puede suspenderse, resolvi\u00f3 el Tribunal Electoral del Poder Judicial de la Federaci\u00f3n (TEPJF). Esta instancia rechaz\u00f3 [&hellip;]<\/p>\n","protected":false},"author":1,"featured_media":10105,"comment_status":"open","ping_status":"open","sticky":false,"template":"","format":"standard","meta":{"content-type":"","footnotes":""},"categories":[3],"tags":[],"class_list":{"0":"post-10103","1":"post","2":"type-post","3":"status-publish","4":"format-standard","5":"has-post-thumbnail","7":"category-mexico"},"_links":{"self":[{"href":"https:\/\/www.regioncuatronoticias.com\/index.php\/wp-json\/wp\/v2\/posts\/10103","targetHints":{"allow":["GET"]}}],"collection":[{"href":"https:\/\/www.regioncuatronoticias.com\/index.php\/wp-json\/wp\/v2\/posts"}],"about":[{"href":"https:\/\/www.regioncuatronoticias.com\/index.php\/wp-json\/wp\/v2\/types\/post"}],"author":[{"embeddable":true,"href":"https:\/\/www.regioncuatronoticias.com\/index.php\/wp-json\/wp\/v2\/users\/1"}],"replies":[{"embeddable":true,"href":"https:\/\/www.regioncuatronoticias.com\/index.php\/wp-json\/wp\/v2\/comments?post=10103"}],"version-history":[{"count":1,"href":"https:\/\/www.regioncuatronoticias.com\/index.php\/wp-json\/wp\/v2\/posts\/10103\/revisions"}],"predecessor-version":[{"id":10106,"href":"https:\/\/www.regioncuatronoticias.com\/index.php\/wp-json\/wp\/v2\/posts\/10103\/revisions\/10106"}],"wp:featuredmedia":[{"embeddable":true,"href":"https:\/\/www.regioncuatronoticias.com\/index.php\/wp-json\/wp\/v2\/media\/10105"}],"wp:attachment":[{"href":"https:\/\/www.regioncuatronoticias.com\/index.php\/wp-json\/wp\/v2\/media?parent=10103"}],"wp:term":[{"taxonomy":"category","embeddable":true,"href":"https:\/\/www.regioncuatronoticias.com\/index.php\/wp-json\/wp\/v2\/categories?post=10103"},{"taxonomy":"post_tag","embeddable":true,"href":"https:\/\/www.regioncuatronoticias.com\/index.php\/wp-json\/wp\/v2\/tags?post=10103"}],"curies":[{"name":"wp","href":"https:\/\/api.w.org\/{rel}","templated":true}]}}