{"id":10097,"date":"2024-04-25T08:36:51","date_gmt":"2024-04-25T15:36:51","guid":{"rendered":"https:\/\/www.regioncuatronoticias.com\/?p=10097"},"modified":"2024-04-25T08:36:53","modified_gmt":"2024-04-25T15:36:53","slug":"renuncia-ariel-henry-como-premier-de-haiti-entre-ola-de-violencia","status":"publish","type":"post","link":"https:\/\/www.regioncuatronoticias.com\/index.php\/2024\/04\/25\/renuncia-ariel-henry-como-premier-de-haiti-entre-ola-de-violencia\/","title":{"rendered":"Renuncia Ariel Henry como premier de Hait\u00ed entre ola de violencia"},"content":{"rendered":"\n<p>Puerto Pr\u00edncipe. Ariel Henry renunci\u00f3 este jueves como primer ministro de Hait\u00ed, lo que dej\u00f3 el camino libre para que se forme un nuevo gobierno en el pa\u00eds caribe\u00f1o, asolado por la violencia de las pandillas que ha matado o lesionado a m\u00e1s de 2 mil 500 personas entre enero y marzo.<\/p>\n\n\n\n<p>Henry present\u00f3 su renuncia en una carta firmada en Los \u00c1ngeles, fechada el 24 de abril, y publicada este jueves por su oficina, el mismo d\u00eda en que un consejo encargado de elegir un nuevo primer ministro y gabinete para Hait\u00ed deb\u00eda tomar juramento.<\/p>\n\n\n\n<p>El consejo se instalar\u00eda m\u00e1s de un mes despu\u00e9s de que los l\u00edderes caribe\u00f1os anunciaron su creaci\u00f3n luego de una reuni\u00f3n de emergencia para abordar la creciente crisis de Hait\u00ed. Henry hab\u00eda prometido dimitir una vez que se instalara el consejo y se seleccionara un nuevo primer ministro.<\/p>\n\n\n\n<p>Asimismo, se espera que el consejo, compuesto por nueve miembros, siete de los cuales tienen derecho a votar, contribuya a establecer el programa para un nuevo gabinete. Tambi\u00e9n nombrar\u00e1 a una comisi\u00f3n electoral provisional, un requisito previo a la realizaci\u00f3n de elecciones, y establecer\u00e1 un consejo nacional de seguridad.<\/p>\n\n\n\n<p>El mandato no renovable del consejo expira el 7 de febrero de 2026, fecha en la que est\u00e1 previsto que tome juramento un nuevo presidente.<\/p>\n\n\n\n<p>Las pandillas lanzaron ataques coordinados a partir del 29 de febrero en Puerto Pr\u00edncipe, la capital del pa\u00eds, y \u00e1reas circundantes, quemaron estaciones de polic\u00eda y hospitales, abrieron fuego contra el principal aeropuerto internacional, que permanece cerrado desde marzo, y tomaron por asalto las dos mayores prisiones de Hait\u00ed, liberando a m\u00e1s de cuatro mil presos. Las pandillas tambi\u00e9n han obstaculizado el paso al puerto m\u00e1s grande del pa\u00eds.<\/p>\n\n\n\n<p>La arremetida comenz\u00f3 cuando Henri se encontraba en Kenia, en una visita oficial para pedir el despliegue de una fuerza policial de ese pa\u00eds del este de \u00c1frica respaldada por la ONU. Actualmente, Henri tiene prohibido volver a Hait\u00ed.<\/p>\n\n\n\n<p>\u201cActualmente, Puerto Pr\u00edncipe est\u00e1 casi completamente aislada debido a los bloqueos por aire, mar y tierra\u201d, se\u00f1al\u00f3 Catherine Russell, directora del Fondo de Naciones Unidas para la Infancia, a principios de esta semana.<\/p>\n\n\n\n<p>La comunidad internacional ha instado al consejo a dar prioridad a la inseguridad generalizada en Hait\u00ed. Aun antes del inicio de los ataques, las pandillas ya controlaban 80 por ciento de Puerto Pr\u00edncipe. La cantidad de personas asesinadas a principios de 2024 aument\u00f3 m\u00e1s de 50 por ciento en comparaci\u00f3n con el mismo periodo del a\u00f1o anterior, seg\u00fan un informe reciente de la Organizaci\u00f3n de Naciones Unidas (ONU).<\/p>\n\n\n\n<p>\u201cEs imposible sobrestimar el aumento en la actividad de las pandillas en todo Puerto Pr\u00edncipe y m\u00e1s all\u00e1, el deterioro de la situaci\u00f3n de los derechos humanos y la profundizaci\u00f3n de la crisis humanitaria\u201d, dijo el lunes Mar\u00eda Isabel Salvador, enviada especial de la ONU para Hait\u00ed, en una reuni\u00f3n del Consejo de Seguridad del organismo.<\/p>\n","protected":false},"excerpt":{"rendered":"<p>Puerto Pr\u00edncipe. Ariel Henry renunci\u00f3 este jueves como primer ministro de Hait\u00ed, lo que dej\u00f3 el camino libre para que se forme un nuevo gobierno en el pa\u00eds caribe\u00f1o, asolado por la violencia de las pandillas que ha matado o lesionado a m\u00e1s de 2 mil 500 personas entre enero y marzo. Henry present\u00f3 su [&hellip;]<\/p>\n","protected":false},"author":1,"featured_media":10098,"comment_status":"open","ping_status":"open","sticky":false,"template":"","format":"standard","meta":{"content-type":"","footnotes":""},"categories":[7],"tags":[],"class_list":{"0":"post-10097","1":"post","2":"type-post","3":"status-publish","4":"format-standard","5":"has-post-thumbnail","7":"category-internacional"},"_links":{"self":[{"href":"https:\/\/www.regioncuatronoticias.com\/index.php\/wp-json\/wp\/v2\/posts\/10097","targetHints":{"allow":["GET"]}}],"collection":[{"href":"https:\/\/www.regioncuatronoticias.com\/index.php\/wp-json\/wp\/v2\/posts"}],"about":[{"href":"https:\/\/www.regioncuatronoticias.com\/index.php\/wp-json\/wp\/v2\/types\/post"}],"author":[{"embeddable":true,"href":"https:\/\/www.regioncuatronoticias.com\/index.php\/wp-json\/wp\/v2\/users\/1"}],"replies":[{"embeddable":true,"href":"https:\/\/www.regioncuatronoticias.com\/index.php\/wp-json\/wp\/v2\/comments?post=10097"}],"version-history":[{"count":1,"href":"https:\/\/www.regioncuatronoticias.com\/index.php\/wp-json\/wp\/v2\/posts\/10097\/revisions"}],"predecessor-version":[{"id":10099,"href":"https:\/\/www.regioncuatronoticias.com\/index.php\/wp-json\/wp\/v2\/posts\/10097\/revisions\/10099"}],"wp:featuredmedia":[{"embeddable":true,"href":"https:\/\/www.regioncuatronoticias.com\/index.php\/wp-json\/wp\/v2\/media\/10098"}],"wp:attachment":[{"href":"https:\/\/www.regioncuatronoticias.com\/index.php\/wp-json\/wp\/v2\/media?parent=10097"}],"wp:term":[{"taxonomy":"category","embeddable":true,"href":"https:\/\/www.regioncuatronoticias.com\/index.php\/wp-json\/wp\/v2\/categories?post=10097"},{"taxonomy":"post_tag","embeddable":true,"href":"https:\/\/www.regioncuatronoticias.com\/index.php\/wp-json\/wp\/v2\/tags?post=10097"}],"curies":[{"name":"wp","href":"https:\/\/api.w.org\/{rel}","templated":true}]}}