{"id":10093,"date":"2024-04-25T08:36:01","date_gmt":"2024-04-25T15:36:01","guid":{"rendered":"https:\/\/www.regioncuatronoticias.com\/?p=10093"},"modified":"2024-04-25T08:36:07","modified_gmt":"2024-04-25T15:36:07","slug":"voto-de-migrantes-no-favorece-a-los-machuchones-amlo","status":"publish","type":"post","link":"https:\/\/www.regioncuatronoticias.com\/index.php\/2024\/04\/25\/voto-de-migrantes-no-favorece-a-los-machuchones-amlo\/","title":{"rendered":"Voto de migrantes no favorece a &#8220;los machuchones&#8221;: AMLO"},"content":{"rendered":"\n<p>El presidente Andr\u00e9s Manuel L\u00f3pez Obrador afirm\u00f3 que el voto de los migrantes no favorece \u201ca los machuchones\u201d, por lo que quienes se hacen cargo de garantizar le voto de los paisanos en el exterior \u201cno les importa mucho\u201d.<\/p>\n\n\n\n<p>Interrogado en la ma\u00f1anera de este jueves sobre si como parte de su gira del adi\u00f3s que anunci\u00f3 hace unos d\u00edas podr\u00eda visitar Estados Unidos, en particular la Playita Olvera, en Los \u00c1ngeles, para despedirse de la comunidad migrante, el jefe del Ejecutivo destac\u00f3 la aportaci\u00f3n a la econom\u00eda que realizan los mexicanos en aquel lado de la frontera.<\/p>\n\n\n\n<p>En alusi\u00f3n al voto de ese sector, se\u00f1al\u00f3: \u201cEs que no les importa mucho a los que se hacen cargo de esta tarea. La verdad es que no les va bien con ese voto a los machuchones\u201d.<\/p>\n\n\n\n<p>Indic\u00f3 que el Instituto Nacional Electoral (INE) junto a la Secretar\u00eda de Relaciones Exteriores (SRE) trabajan para concretar que la mayor\u00eda de los connacionales allende las fronteras puedan votar en el proceso del 2 de junio pr\u00f3ximo.<\/p>\n\n\n\n<p>\u201cOjal\u00e1 y se avance para garantizar el derecho del voto de los mexicanos. Cada que hay elecciones se destina bastante dinero, hasta deber\u00edan de informar cu\u00e1nto llevan ejercido con ese prop\u00f3sito y cu\u00e1ntos van a poder votar. Ya se ha visto esto aqu\u00ed y todav\u00eda hay hasta el 5 de mayo creo, oportunidad\u201d.<\/p>\n\n\n\n<p>Asimismo, se\u00f1al\u00f3 que sus dos \u00faltimos actos p\u00fablicos como jefe de Estado ser\u00e1n su sexto informe de gobierno, el 1 de septiembre; y la ceremonia del Grito de Independencia, el 15 de ese mes, inform\u00f3 esta ma\u00f1ana en su conferencia en Palacio Nacional.<\/p>\n\n\n\n<p>El d\u00eda 30 de septiembre, dijo, a las 12 de la noche finalizar\u00e1 formalmente su mandato y \u201cplanchar\u00e1\u201d la banda presidencial para entregarla al siguiente d\u00eda, el 1 de octubre, a quien ser\u00e1 elegido o elegida como su sucesora o sucesor.<\/p>\n\n\n\n<p>Terminada la ceremonia oficial de transferencia de mandato, \u201cyo me retiro\u201d.<\/p>\n","protected":false},"excerpt":{"rendered":"<p>El presidente Andr\u00e9s Manuel L\u00f3pez Obrador afirm\u00f3 que el voto de los migrantes no favorece \u201ca los machuchones\u201d, por lo que quienes se hacen cargo de garantizar le voto de los paisanos en el exterior \u201cno les importa mucho\u201d. Interrogado en la ma\u00f1anera de este jueves sobre si como parte de su gira del adi\u00f3s [&hellip;]<\/p>\n","protected":false},"author":1,"featured_media":10094,"comment_status":"open","ping_status":"open","sticky":false,"template":"","format":"standard","meta":{"content-type":"","footnotes":""},"categories":[3],"tags":[],"class_list":{"0":"post-10093","1":"post","2":"type-post","3":"status-publish","4":"format-standard","5":"has-post-thumbnail","7":"category-mexico"},"_links":{"self":[{"href":"https:\/\/www.regioncuatronoticias.com\/index.php\/wp-json\/wp\/v2\/posts\/10093","targetHints":{"allow":["GET"]}}],"collection":[{"href":"https:\/\/www.regioncuatronoticias.com\/index.php\/wp-json\/wp\/v2\/posts"}],"about":[{"href":"https:\/\/www.regioncuatronoticias.com\/index.php\/wp-json\/wp\/v2\/types\/post"}],"author":[{"embeddable":true,"href":"https:\/\/www.regioncuatronoticias.com\/index.php\/wp-json\/wp\/v2\/users\/1"}],"replies":[{"embeddable":true,"href":"https:\/\/www.regioncuatronoticias.com\/index.php\/wp-json\/wp\/v2\/comments?post=10093"}],"version-history":[{"count":1,"href":"https:\/\/www.regioncuatronoticias.com\/index.php\/wp-json\/wp\/v2\/posts\/10093\/revisions"}],"predecessor-version":[{"id":10095,"href":"https:\/\/www.regioncuatronoticias.com\/index.php\/wp-json\/wp\/v2\/posts\/10093\/revisions\/10095"}],"wp:featuredmedia":[{"embeddable":true,"href":"https:\/\/www.regioncuatronoticias.com\/index.php\/wp-json\/wp\/v2\/media\/10094"}],"wp:attachment":[{"href":"https:\/\/www.regioncuatronoticias.com\/index.php\/wp-json\/wp\/v2\/media?parent=10093"}],"wp:term":[{"taxonomy":"category","embeddable":true,"href":"https:\/\/www.regioncuatronoticias.com\/index.php\/wp-json\/wp\/v2\/categories?post=10093"},{"taxonomy":"post_tag","embeddable":true,"href":"https:\/\/www.regioncuatronoticias.com\/index.php\/wp-json\/wp\/v2\/tags?post=10093"}],"curies":[{"name":"wp","href":"https:\/\/api.w.org\/{rel}","templated":true}]}}