{"id":10090,"date":"2024-04-25T08:35:04","date_gmt":"2024-04-25T15:35:04","guid":{"rendered":"https:\/\/www.regioncuatronoticias.com\/?p=10090"},"modified":"2024-04-25T08:35:07","modified_gmt":"2024-04-25T15:35:07","slug":"se-queja-amlo-de-campana-de-salinas-pliego-y-tv-azteca-contra-su-gobierno","status":"publish","type":"post","link":"https:\/\/www.regioncuatronoticias.com\/index.php\/2024\/04\/25\/se-queja-amlo-de-campana-de-salinas-pliego-y-tv-azteca-contra-su-gobierno\/","title":{"rendered":"Se queja AMLO de campa\u00f1a de Salinas Pliego y Tv Azteca contra su gobierno"},"content":{"rendered":"\n<p>Ciudad de M\u00e9xico. El presidente Andr\u00e9s Manuel L\u00f3pez Obrador sostuvo que desde que surgieron las diferencias con Grupo Azteca y el empresario Ricardo Salinas Pliego por los adeudos fiscales que arrastra -cercanos a 70 mil millones de pesos- Televisi\u00f3n Azteca y el propio empresario han emprendido una campa\u00f1a en contra de su gobierno. Sin embargo, rechaz\u00f3 que se tenga previsto retirarle la concesi\u00f3n de la televisora. &#8220;Nada de eso&#8221; no somos represores ni autoritarios, que siga manejando la televisora con plena libertad.<\/p>\n\n\n\n<p>Al abrir su conferencia y sin que mediara pregunta habl\u00f3 m\u00e1s de 40 minutos sobre Salinas Pliego y la situaci\u00f3n fiscal de sus empresas, subrayando que esta diferencia por sus adeudos fiscales deber\u00e1 resolverlo el Poder Judicial y los montos que adeuda.<\/p>\n\n\n\n<p>Tras recordar que despu\u00e9s de nueve meses que tuvo guardado el expediente en su caj\u00f3n el ministro Luis Mar\u00eda Aguilar el expediente de Grupo Azteca, finalmente la Suprema Corte de la Justicia de la Naci\u00f3n determin\u00f3 que no le correspond\u00eda a da instancia resolverlo por lo que devolvi\u00f3 el expediente a un Tribunal.<\/p>\n\n\n\n<p>L\u00f3pez Obrador abord\u00f3 el tema para difundir un video sobre el manejo informativo de a Televisi\u00f3n Azteca en donde Salinas Pliego afirma que, como en todos los medios, hay una l\u00ednea editorial en los noticieros de su televisora.<\/p>\n\n\n\n<p>Tras ironizar con el t\u00e9rmino acu\u00f1ado por Salinas Pliego sobre los &#8220;gobiern\u00edcolas&#8221;, como llama a los funcionarios de su gobierno, dijo que &#8220;hay una campa\u00f1a vulgar, grosera e injusta aprovechando un medio de comunicaci\u00f3n concesionada, no deja de ser un medio concesionado, que se interesa para defender intereses particulares de una empresa&#8221;.<\/p>\n\n\n\n<p>El presidente hizo un apretado recuento de los adeudos y las diferencias que se han acumulado en relaci\u00f3n a las empresas de Salinas Pliego. Relat\u00f3 que el expediente mencionado involucra un adeudo superior a los 20 mil millones de pesos y hay otro conjunto de incumplimientos fiscales que suman otros 50 mil millones de pesos .<\/p>\n\n\n\n<p>Adem\u00e1s, dijo que la Afore que opera Grupo Azteca tiene otro adeudo de dinero de cuentas no reclamadas. Asimismo, refiri\u00f3 que sigue el litigio por el campo de Golf en Huatulco donde las diferencias versan sobre la vigencia de un contrato y la decisi\u00f3n de su gobierno de convertir ese terreno en un \u00e1rea protegida.<\/p>\n\n\n\n<p>L\u00f3pez Obrador afirm\u00f3 que &#8220;no es ning\u00fan pleito, no es nada personal pero hay una realidad. A partir de que se dan estas diferencias, empiezan las campa\u00f1as en la televisora y de los periodistas cercanos a Salinas Pliego. Todo un grupo lanzados contra nosotros. No nos vamos pelear con nadie, no tenemos enemigos, hay adversarios&#8221;<\/p>\n\n\n\n<p>Consider\u00f3 que al empresario no le importa que cambie de modo de parecer. Yo siento tambi\u00e9n lo mismo, ya veo que es rec\u00edproco, no va a cambiar manera de pensar. &#8220;\u00bfQu\u00e9 es lo que queda? Respeto. Yo soy muy feliz como soy. Yo no dir\u00eda divertido, es interesante. Como a \u00e9l le gustan los yates, a m\u00ed me dar\u00eda pena y verg\u00fcenza! Sin ofender me dar\u00eda verg\u00fcenza subirme a un yate de esos en un pa\u00eds con tanta pobreza&#8221;<\/p>\n\n\n\n<p>Confi\u00f3 en que para \u00e9l lo que le provoca felicidad es &#8220;estar leyendo un libro, comiendo un frijol con chicharr\u00f3n, un tlacoyo, ba\u00f1\u00e1ndome en una cascada. Recorriendo los pueblos. Esta felicidad no me lo da ni todo el oro del mundo, que sea presidente y pueda decir que reduje la pobreza de millones de mexicanos. Ya me puedo morir tranquilo, para un luchador social, para un humanista, constatar que se ayuda al pr\u00f3ximo, que no es el discurso sino son hechos, pero respeto a todos.&#8221;<\/p>\n","protected":false},"excerpt":{"rendered":"<p>Ciudad de M\u00e9xico. El presidente Andr\u00e9s Manuel L\u00f3pez Obrador sostuvo que desde que surgieron las diferencias con Grupo Azteca y el empresario Ricardo Salinas Pliego por los adeudos fiscales que arrastra -cercanos a 70 mil millones de pesos- Televisi\u00f3n Azteca y el propio empresario han emprendido una campa\u00f1a en contra de su gobierno. Sin embargo, [&hellip;]<\/p>\n","protected":false},"author":1,"featured_media":10091,"comment_status":"open","ping_status":"open","sticky":false,"template":"","format":"standard","meta":{"content-type":"","footnotes":""},"categories":[3],"tags":[],"class_list":{"0":"post-10090","1":"post","2":"type-post","3":"status-publish","4":"format-standard","5":"has-post-thumbnail","7":"category-mexico"},"_links":{"self":[{"href":"https:\/\/www.regioncuatronoticias.com\/index.php\/wp-json\/wp\/v2\/posts\/10090","targetHints":{"allow":["GET"]}}],"collection":[{"href":"https:\/\/www.regioncuatronoticias.com\/index.php\/wp-json\/wp\/v2\/posts"}],"about":[{"href":"https:\/\/www.regioncuatronoticias.com\/index.php\/wp-json\/wp\/v2\/types\/post"}],"author":[{"embeddable":true,"href":"https:\/\/www.regioncuatronoticias.com\/index.php\/wp-json\/wp\/v2\/users\/1"}],"replies":[{"embeddable":true,"href":"https:\/\/www.regioncuatronoticias.com\/index.php\/wp-json\/wp\/v2\/comments?post=10090"}],"version-history":[{"count":1,"href":"https:\/\/www.regioncuatronoticias.com\/index.php\/wp-json\/wp\/v2\/posts\/10090\/revisions"}],"predecessor-version":[{"id":10092,"href":"https:\/\/www.regioncuatronoticias.com\/index.php\/wp-json\/wp\/v2\/posts\/10090\/revisions\/10092"}],"wp:featuredmedia":[{"embeddable":true,"href":"https:\/\/www.regioncuatronoticias.com\/index.php\/wp-json\/wp\/v2\/media\/10091"}],"wp:attachment":[{"href":"https:\/\/www.regioncuatronoticias.com\/index.php\/wp-json\/wp\/v2\/media?parent=10090"}],"wp:term":[{"taxonomy":"category","embeddable":true,"href":"https:\/\/www.regioncuatronoticias.com\/index.php\/wp-json\/wp\/v2\/categories?post=10090"},{"taxonomy":"post_tag","embeddable":true,"href":"https:\/\/www.regioncuatronoticias.com\/index.php\/wp-json\/wp\/v2\/tags?post=10090"}],"curies":[{"name":"wp","href":"https:\/\/api.w.org\/{rel}","templated":true}]}}