{"id":10059,"date":"2024-04-24T20:00:29","date_gmt":"2024-04-25T03:00:29","guid":{"rendered":"https:\/\/www.regioncuatronoticias.com\/?p=10059"},"modified":"2024-04-24T22:47:43","modified_gmt":"2024-04-25T05:47:43","slug":"ine-ordena-modificar-spot-de-aspirante-en-hermosillo-en-el-que-se-presenta-como-perteneciente-a-una-coalicion-cuando-se-trata-de-una-candidatura-comun","status":"publish","type":"post","link":"https:\/\/www.regioncuatronoticias.com\/index.php\/2024\/04\/24\/ine-ordena-modificar-spot-de-aspirante-en-hermosillo-en-el-que-se-presenta-como-perteneciente-a-una-coalicion-cuando-se-trata-de-una-candidatura-comun\/","title":{"rendered":"INE ordena modificar spot de aspirante en Hermosillo en el que se presenta como perteneciente a una coalici\u00f3n cuando se trata de una candidatura com\u00fan"},"content":{"rendered":"\n<p>La Comisi\u00f3n de Quejas y Denuncias del Instituto Nacional Electoral (INE) orden\u00f3 este mi\u00e9rcoles que Mar\u00eda Dolores del R\u00edo, candidata a la presidencia municipal de Hermosillo, sustituya un spot en el que afirma que pertenece a la coalici\u00f3n Sigamos Haciendo Historia en Sonora.<\/p>\n\n\n\n<p>El INE explic\u00f3 que Mar\u00eda Dolores del R\u00edo contiende con una candidatura com\u00fan y no una coalici\u00f3n de los partidos Morena, del Trabajo, Verde Ecologista, Nueva Alianza de Sonora y Encuentro Solidario.<\/p>\n\n\n\n<p>El asunto lleg\u00f3 a las autoridades electorales tras una denuncia presentada por el PAN por el spot de televisi\u00f3n porque consider\u00f3 que el electorado podr\u00eda confundirse.<\/p>\n\n\n\n<p>\u201cSe le orden\u00f3 al partido denunciado sustituir el promocional por uno gen\u00e9rico o de reserva y a las concesionarias detener su transmisi\u00f3n\u201d, se\u00f1al\u00f3 el INE en un comunicado.<\/p>\n\n\n\n<p>Mar\u00eda Dolores del R\u00edo renunci\u00f3 en enero de este a\u00f1o a su cargo como secretaria de Seguridad P\u00fablica de Sonora para competir en las elecciones locales.<\/p>\n\n\n\n<p>El pasado 4 de abril, Mar\u00eda Dolores del R\u00edo registr\u00f3 su candidatura ante el Instituto Electoral de Sonora.<\/p>\n\n\n\n<p>Este mi\u00e9rcoles, la comisi\u00f3n tambi\u00e9n determin\u00f3 que la candidata presidencial de Fuerza y Coraz\u00f3n por M\u00e9xico, X\u00f3chitl G\u00e1lvez, deber\u00e1 eliminar o modificar su conferencia del 27 de marzo por utilizar el logotipo del INE.<\/p>\n\n\n\n<p>En la conferencia hizo un llamado al INE para una campa\u00f1a en contra del uso de los programas sociales con fines electorales.<\/p>\n\n\n\n<p>Fuente: <a href=\"https:\/\/latinus.us\/2024\/04\/24\/ine-ordena-modificar-spot-de-aspirante-en-hermosillo-en-el-que-se-presenta-como-perteneciente-a-una-coalicion-cuando-se-trata-de-una-candidatura-comun\/\">https:\/\/latinus.us\/2024\/04\/24\/ine-ordena-modificar-spot-de-aspirante-en-hermosillo-en-el-que-se-presenta-como-perteneciente-a-una-coalicion-cuando-se-trata-de-una-candidatura-comun\/<\/a><\/p>\n\n\n\n<p>(INFORMACI\u00d3N ORIGEN)<\/p>\n\n\n\n<p><strong>ORDENA INE A CANDIDAT PRESIDENCIAL RETIRARO MODIFICAR PUBLICACI\u00d3N EN YOUTUBE<\/strong><\/p>\n\n\n\n<p><strong>Publicado el: 24 de abril de 2024<\/strong><\/p>\n\n\n\n<p><strong>Categor\u00eda: al d\u00eda, destacada INE, elecciones 2024, Noticias<\/strong><\/p>\n\n\n\n<p><strong>Escrito por: INE<\/strong><\/p>\n\n\n\n<p><strong>Tema: Comunicados de Prensa<\/strong><\/p>\n\n\n\n<p><strong>N\u00famero 233<\/strong><\/p>\n\n\n\n<p>La Comisi\u00f3n de Quejas y Denuncias resolvi\u00f3 seis medidas cautelares solicitadas por diversos partidos por el probable uso indebido del logotipo del Instituto Nacional Electoral (INE), uso indebido de la pauta, Violencia Pol\u00edtica contra las Mujeres en Raz\u00f3n de G\u00e9nero (VPMRG) y presunta vulneraci\u00f3n a los principios de imparcialidad y neutralidad en la contienda. Asimismo, conoci\u00f3 una medida cautelar relacionada con los principios de imparcialidad e independencia en la integraci\u00f3n de los \u00f3rganos electorales, en el marco del Proceso Electoral Federal 2024.<\/p>\n\n\n\n<p><strong>Publicaci\u00f3n de la candidata Presidencial en YouTube podr\u00eda confundir al electorado<\/strong><\/p>\n\n\n\n<p>El Partido del Trabajo (PT) denunci\u00f3 a la candidata presidencial por la coalici\u00f3n \u201cFuerza y Coraz\u00f3n por M\u00e9xico\u201d, por el presunto uso indebido del logotipo institucional, derivado de una conferencia realizada el 27 de marzo del presente a\u00f1o, difundida en su plataforma digital YouTube, en la que hizo referencia a los anuncios propuestos en su campa\u00f1a pol\u00edtica con diferentes leyendas en las que se utiliza el logotipo del INE.<\/p>\n\n\n\n<p>La Comisi\u00f3n resolvi\u00f3 que es procedente la adopci\u00f3n de las medidas cautelares solicitadas, toda vez que, bajo la apariencia del buen derecho, se advierte una posible campa\u00f1a, a trav\u00e9s del probable uso indebido del logotipo del organismo p\u00fablico aut\u00f3nomo, que podr\u00eda confundir al electorado, por ello, se orden\u00f3 a la candidata a la Presidencia eliminar o modificar del video el fragmento que contiene im\u00e1genes relacionadas al Instituto y a su logotipo, as\u00ed como de cualquier otra red social o plataforma que administre.<\/p>\n\n\n\n<p><strong>PROMOCIONAL DE MORENA EN SONORA DEBER\u00c1 SER SUSTITUIDO<\/strong><\/p>\n\n\n\n<p><strong>El Partido Acci\u00f3n Nacional (PAN) denunci\u00f3 a MORENA y a su candidata a la Presidencia Municipal de Hermosillo, Sonora, por la difusi\u00f3n del spot para televisi\u00f3n denominado MD HERMOSILLO SPOT V2, pues a su consideraci\u00f3n el contenido identifica a Mar\u00eda Dolores del R\u00edo S\u00e1nchez como candidata de la coalici\u00f3n \u201cSigamos Haciendo Historia en Sonora\u201d, lo cual podr\u00eda confundir al electorado.<\/strong><\/p>\n\n\n\n<p><strong>La Comisi\u00f3n determin\u00f3 que es procedente la adopci\u00f3n de las medidas cautelares solicitadas, toda vez que el promocional se\u00f1ala que la denunciada contiende bajo una candidatura de coalici\u00f3n, lo cual es impreciso, ya que los partidos MORENA, del Trabajo, Verde Ecologista de M\u00e9xico (PVEM), Nueva Alianza Sonora y Encuentro Solidario Sonora, participan en una candidatura com\u00fan, es decir, la coalici\u00f3n \u201cSigamos Haciendo Historia en Sonora\u201d, no existe.<\/strong><\/p>\n\n\n\n<p><strong>En este sentido, se le orden\u00f3 al partido denunciado sustituir el promocional por uno gen\u00e9rico o de reserva y a las concesionarias detener su transmisi\u00f3n.<\/strong><\/p>\n\n\n\n<p><strong>Se impide a 15 personas continuar en el cargo<\/strong><\/p>\n\n\n\n<p>El colegiado determin\u00f3 como procedente el dictado de una medida cautelar solicitada por la Unidad T\u00e9cnica de lo Contencioso Electoral (UTCE), en contra de 15 personas que desempe\u00f1an el cargo de Supervisor\/a Electoral y\/o Capacitador\/a Asistente Electoral, porque los partidos pol\u00edticos involucrados exhibieron las c\u00e9dulas o los expedientes electr\u00f3nicos de las afiliaciones respectivas que las acreditan como sus militantes, en los que se advierten las firmas que, desde una \u00f3ptica preliminar, autorizan su consentimiento para pertenecer a sus filas.<\/p>\n\n\n\n<p>Por lo anterior, se orden\u00f3 impedir que contin\u00faen en el ejercicio del cargo hasta que se resuelva en definitiva el fondo de los asuntos, a fin de garantizar los principios de imparcialidad e independencia.<\/p>\n\n\n\n<p>I<strong>mprocedente el dictado de medidas cautelares derivado de conductas realizadas por la Presidenta del IEEC<\/strong><\/p>\n\n\n\n<p>Una persona denunci\u00f3 la presunta comisi\u00f3n de actos que podr\u00edan constituir conductas de VPMRG realizadas por parte de la Consejera Presidenta del Instituto Electoral del Estado de Colima (IEEC), con motivo de las manifestaciones realizadas durante la novena sesi\u00f3n ordinaria del Consejo General, as\u00ed como la falta del pago de su remuneraci\u00f3n como servidora p\u00fablica.<\/p>\n\n\n\n<p>La Comisi\u00f3n de Quejas y Denuncias resolvi\u00f3 que es improcedente el dictado de medidas cautelares, al no advertirse peligro en la demora, toda vez que han sido cubiertos los adeudos de sus remuneraciones econ\u00f3micas, no obstante, la autoridad electoral hizo un llamado a la Consejera Presidenta del IEEC, a efecto de que se conduzca en el ejercicio de sus atribuciones, dentro de los m\u00e1rgenes de actuaci\u00f3n que establece el marco normativo administrativo de la entidad federativa.<\/p>\n\n\n\n<p>Por lo que hace a la tutela preventiva, vinculada con que la persona denunciada se abstenga de realizar denostaciones en p\u00fablico o en privado en contra de la quejosa, la Comisi\u00f3n consider\u00f3 que resulta improcedente al tratarse de hechos futuros de realizaci\u00f3n incierta.<\/p>\n\n\n\n<p>Preliminarmente, no se advierte VPMRG ni calumnia en notas de opini\u00f3n y promocionales<\/p>\n\n\n\n<p>El PAN y una persona que solicit\u00f3 la protecci\u00f3n de sus datos personales, presentaron una denuncia por calumnia y VPMRG en contra de los directores de los peri\u00f3dicos digitales \u201cHip\u00f3crita Lector\u201d y \u201cExclusivas Puebla\u201d, por la difusi\u00f3n de notas de opini\u00f3n en dichos diarios digitales y en redes sociales Facebook, Instagram y X.<\/p>\n\n\n\n<p>La Comisi\u00f3n concluy\u00f3 que no se actualiza la calumnia al no advertirse la imputaci\u00f3n de un hecho o delito falso, ni que las publicaciones est\u00e9n dirigidas a la quejosa por su calidad de mujer, por lo que no constituyen, preliminarmente, Violencia Pol\u00edtica en Raz\u00f3n de G\u00e9nero.<\/p>\n\n\n\n<p>Adicionalmente, una persona que tambi\u00e9n solicit\u00f3 la protecci\u00f3n de sus datos denunci\u00f3 a dos candidatas a diputadas locales y al partido Movimiento Ciudadano (MC) en el estado de Durango, por conductas que podr\u00edan constituir VPMRG, en virtud de las manifestaciones vertidas en plataformas digitales, que la denigran y la descalifican en el ejercicio de sus funciones pol\u00edticas, con base en estereotipos de g\u00e9nero.<\/p>\n\n\n\n<p>El \u00f3rgano colegiado determin\u00f3 improcedente la medida cautelar porque del an\u00e1lisis preliminar al material objeto de la denuncia, se consider\u00f3 que no se encuentra basado en alg\u00fan estereotipo por raz\u00f3n de g\u00e9nero o por el hecho de ser mujer, sino que se trata de cuestionamientos en el contexto del proceso electoral en curso.<\/p>\n\n\n\n<p><strong>Improcedente ordenar el retiro de conferencia matutina del 25 de marzo<\/strong><\/p>\n\n\n\n<p>El diputado local de la Ciudad de M\u00e9xico, Federico D\u00f6ring y los partidos de la Revoluci\u00f3n Democr\u00e1tica (PRD), PAN y el Revolucionario Institucional (PRI) presentaron queja en contra del Titular del Ejecutivo Federal por la difusi\u00f3n de la conferencia matutina del 25 de marzo del a\u00f1o en curso, pues a decir de los quejosos, en \u00e9sta se emiti\u00f3 un mensaje de car\u00e1cter proselitista con el objetivo de impactar en las preferencias electorales de 2024.<\/p>\n\n\n\n<p>La Comisi\u00f3n de Quejas determin\u00f3 improcedente las medidas cautelares y tutela preventiva solicitadas debido a que el contenido denunciado ya no est\u00e1 disponible. Respecto al presunto uso indebido de recursos, \u00e9ste ser\u00e1 analizado por la Sala Regional Especializada del Tribunal Electoral del Poder Judicial de la Federaci\u00f3n al resolver el fondo del asunto.<\/p>\n\n\n\n<p><a href=\"https:\/\/centralelectoral.ine.mx\/2024\/04\/24\/ordena-ine-a-candidata-presidencial-retirar-o-modificar-publicacion-en-youtube\">https:\/\/centralelectoral.ine.mx\/2024\/04\/24\/ordena-ine-a-candidata-presidencial-retirar-o-modificar-publicacion-en-youtube<\/a><\/p>\n\n\n\n<p><\/p>\n\n\n\n<p><\/p>\n","protected":false},"excerpt":{"rendered":"<p>La Comisi\u00f3n de Quejas y Denuncias del Instituto Nacional Electoral (INE) orden\u00f3 este mi\u00e9rcoles que Mar\u00eda Dolores del R\u00edo, candidata a la presidencia municipal de Hermosillo, sustituya un spot en el que afirma que pertenece a la coalici\u00f3n Sigamos Haciendo Historia en Sonora. El INE explic\u00f3 que Mar\u00eda Dolores del R\u00edo contiende con una candidatura [&hellip;]<\/p>\n","protected":false},"author":1,"featured_media":10061,"comment_status":"open","ping_status":"open","sticky":false,"template":"","format":"standard","meta":{"content-type":"","footnotes":""},"categories":[123],"tags":[],"class_list":{"0":"post-10059","1":"post","2":"type-post","3":"status-publish","4":"format-standard","5":"has-post-thumbnail","7":"category-elecciones2024"},"_links":{"self":[{"href":"https:\/\/www.regioncuatronoticias.com\/index.php\/wp-json\/wp\/v2\/posts\/10059","targetHints":{"allow":["GET"]}}],"collection":[{"href":"https:\/\/www.regioncuatronoticias.com\/index.php\/wp-json\/wp\/v2\/posts"}],"about":[{"href":"https:\/\/www.regioncuatronoticias.com\/index.php\/wp-json\/wp\/v2\/types\/post"}],"author":[{"embeddable":true,"href":"https:\/\/www.regioncuatronoticias.com\/index.php\/wp-json\/wp\/v2\/users\/1"}],"replies":[{"embeddable":true,"href":"https:\/\/www.regioncuatronoticias.com\/index.php\/wp-json\/wp\/v2\/comments?post=10059"}],"version-history":[{"count":3,"href":"https:\/\/www.regioncuatronoticias.com\/index.php\/wp-json\/wp\/v2\/posts\/10059\/revisions"}],"predecessor-version":[{"id":10065,"href":"https:\/\/www.regioncuatronoticias.com\/index.php\/wp-json\/wp\/v2\/posts\/10059\/revisions\/10065"}],"wp:featuredmedia":[{"embeddable":true,"href":"https:\/\/www.regioncuatronoticias.com\/index.php\/wp-json\/wp\/v2\/media\/10061"}],"wp:attachment":[{"href":"https:\/\/www.regioncuatronoticias.com\/index.php\/wp-json\/wp\/v2\/media?parent=10059"}],"wp:term":[{"taxonomy":"category","embeddable":true,"href":"https:\/\/www.regioncuatronoticias.com\/index.php\/wp-json\/wp\/v2\/categories?post=10059"},{"taxonomy":"post_tag","embeddable":true,"href":"https:\/\/www.regioncuatronoticias.com\/index.php\/wp-json\/wp\/v2\/tags?post=10059"}],"curies":[{"name":"wp","href":"https:\/\/api.w.org\/{rel}","templated":true}]}}