{"id":10032,"date":"2024-04-24T14:22:00","date_gmt":"2024-04-24T21:22:00","guid":{"rendered":"https:\/\/www.regioncuatronoticias.com\/?p=10032"},"modified":"2024-04-24T14:22:03","modified_gmt":"2024-04-24T21:22:03","slug":"cierran-calle-de-la-reforma-de-forma-parcial-al-sur-de-hermosillo-por-reparaciones","status":"publish","type":"post","link":"https:\/\/www.regioncuatronoticias.com\/index.php\/2024\/04\/24\/cierran-calle-de-la-reforma-de-forma-parcial-al-sur-de-hermosillo-por-reparaciones\/","title":{"rendered":"Cierran Calle de la Reforma de forma parcial al sur de Hermosillo por reparaciones"},"content":{"rendered":"\n<p>Hermosillo, Sonora.- Por trabajos de pavimentaci\u00f3n y rehabilitaci\u00f3n vial, la Coordinaci\u00f3n de Infraestructura, Desarrollo Urbano y Ecolog\u00eda (Cidue) de Hermosillo realiz\u00f3 el cierre parcial de la Calle de la Reforma al sur de la ciudad.<\/p>\n\n\n\n<p>El tramo donde se realizar\u00e1n reparaciones se encuentra el intersecci\u00f3n entre Reforma y la avenida Paseo R\u00edo San Miguel, seg\u00fan inform\u00f3 la dependencia municipal a trav\u00e9s de un aviso publicado en sus redes sociales.<\/p>\n\n\n\n<p>Calle de la Reforma permanecer\u00e1 cerrada al sur de Hermosillo por reparaciones.<br>El tr\u00e1fico no se cerr\u00f3 por completo, por lo que los conductores que transiten por la Calle de la Reforma hacia el sur podr\u00e1n dar vuelta a la derecha por la avenida Paseo R\u00edo San Miguel. Se sugiere prever v\u00edas alternas con el fin de evitar embotellamientos.<\/p>\n\n\n\n<p>De igual forma, se invita a la gente a tomar sus precauciones al transitar por el lugar, debido a los trabajos que se llevan a cabo.<\/p>\n\n\n\n<p>Cabe destacar que no se detall\u00f3 cu\u00e1nto tiempo durar\u00e1n las obras que iniciaron este mi\u00e9rcoles 24 de abril.<\/p>\n","protected":false},"excerpt":{"rendered":"<p>Hermosillo, Sonora.- Por trabajos de pavimentaci\u00f3n y rehabilitaci\u00f3n vial, la Coordinaci\u00f3n de Infraestructura, Desarrollo Urbano y Ecolog\u00eda (Cidue) de Hermosillo realiz\u00f3 el cierre parcial de la Calle de la Reforma al sur de la ciudad. El tramo donde se realizar\u00e1n reparaciones se encuentra el intersecci\u00f3n entre Reforma y la avenida Paseo R\u00edo San Miguel, seg\u00fan [&hellip;]<\/p>\n","protected":false},"author":1,"featured_media":10033,"comment_status":"open","ping_status":"open","sticky":false,"template":"","format":"standard","meta":{"content-type":"","footnotes":""},"categories":[8],"tags":[],"class_list":{"0":"post-10032","1":"post","2":"type-post","3":"status-publish","4":"format-standard","5":"has-post-thumbnail","7":"category-hermosillo"},"_links":{"self":[{"href":"https:\/\/www.regioncuatronoticias.com\/index.php\/wp-json\/wp\/v2\/posts\/10032","targetHints":{"allow":["GET"]}}],"collection":[{"href":"https:\/\/www.regioncuatronoticias.com\/index.php\/wp-json\/wp\/v2\/posts"}],"about":[{"href":"https:\/\/www.regioncuatronoticias.com\/index.php\/wp-json\/wp\/v2\/types\/post"}],"author":[{"embeddable":true,"href":"https:\/\/www.regioncuatronoticias.com\/index.php\/wp-json\/wp\/v2\/users\/1"}],"replies":[{"embeddable":true,"href":"https:\/\/www.regioncuatronoticias.com\/index.php\/wp-json\/wp\/v2\/comments?post=10032"}],"version-history":[{"count":1,"href":"https:\/\/www.regioncuatronoticias.com\/index.php\/wp-json\/wp\/v2\/posts\/10032\/revisions"}],"predecessor-version":[{"id":10034,"href":"https:\/\/www.regioncuatronoticias.com\/index.php\/wp-json\/wp\/v2\/posts\/10032\/revisions\/10034"}],"wp:featuredmedia":[{"embeddable":true,"href":"https:\/\/www.regioncuatronoticias.com\/index.php\/wp-json\/wp\/v2\/media\/10033"}],"wp:attachment":[{"href":"https:\/\/www.regioncuatronoticias.com\/index.php\/wp-json\/wp\/v2\/media?parent=10032"}],"wp:term":[{"taxonomy":"category","embeddable":true,"href":"https:\/\/www.regioncuatronoticias.com\/index.php\/wp-json\/wp\/v2\/categories?post=10032"},{"taxonomy":"post_tag","embeddable":true,"href":"https:\/\/www.regioncuatronoticias.com\/index.php\/wp-json\/wp\/v2\/tags?post=10032"}],"curies":[{"name":"wp","href":"https:\/\/api.w.org\/{rel}","templated":true}]}}