{"id":10020,"date":"2024-04-24T14:15:50","date_gmt":"2024-04-24T21:15:50","guid":{"rendered":"https:\/\/www.regioncuatronoticias.com\/?p=10020"},"modified":"2024-04-24T14:15:51","modified_gmt":"2024-04-24T21:15:51","slug":"xochitl-galvez-despedira-a-todos-los-servidores-de-la-nacion-si-gana-la-presidencia-los-vamos-a-quitar","status":"publish","type":"post","link":"https:\/\/www.regioncuatronoticias.com\/index.php\/2024\/04\/24\/xochitl-galvez-despedira-a-todos-los-servidores-de-la-nacion-si-gana-la-presidencia-los-vamos-a-quitar\/","title":{"rendered":"X\u00f3chitl G\u00e1lvez despedir\u00e1 a todos los Servidores de la Naci\u00f3n si gana la Presidencia: \u201cLos vamos a quitar\u201d"},"content":{"rendered":"\n<p>El gobierno de Andr\u00e9s Manuel L\u00f3pez Obrador implement\u00f3 una estrategia para\u00a0<strong>acercar los programas sociales<\/strong>\u00a0a las\u00a0<strong>comunidades m\u00e1s alejadas\u00a0<\/strong>mediante los<strong>\u00a0Servidores de la Naci\u00f3n<\/strong>, personas contratadas por la\u00a0<strong>Secretar\u00eda del Bienestar\u00a0<\/strong>que adem\u00e1s de promover los apoyos tambi\u00e9n se encargan de la organizaci\u00f3n y coordinaci\u00f3n de su entrega sin intermediarios.<\/p>\n\n\n\n<p>Esta figura ha sido severamente<strong>&nbsp;criticada por la oposici\u00f3n<\/strong>&nbsp;debido a que a muchos de estos servidores los usan con<strong>&nbsp;fines pol\u00edtico-electorales<\/strong>&nbsp;a favor de los candidatos de Movimiento Regeneraci\u00f3n Nacional (<strong>Morena<\/strong>) pero tambi\u00e9n para&nbsp;<strong>promover al propio presidente<\/strong>; incluso, en 2019, el Instituto Nacional Electoral (<strong>INE<\/strong>) orden\u00f3 que no usaran la imagen, nombre o logo del mandatario en su indumentaria.<\/p>\n\n\n\n<p>\u201cEstos \u2018<strong>mapaches electorales<\/strong>\u2019, que son alrededor de\u00a0<strong>20 mil en todo el pa\u00eds\u00a0<\/strong>se dedican a hacer propaganda el gobierno y cuando vienen las campa\u00f1as, como en esta ocasi\u00f3n,<strong>\u00a0propaganda de las campa\u00f1as<\/strong>, espec\u00edficamente de sus candidatos\u201d, se lee en un punto de acuerdo que presentaron senadores del Partido Acci\u00f3n Nacional (<strong>PAN<\/strong>) en marzo pasado para que se les investiga por presuntos delitos electorales.<\/p>\n\n\n\n<h2 class=\"wp-block-heading\">Servidores de la Naci\u00f3n se van si gana X\u00f3chitl<\/h2>\n\n\n\n<p>Ante este panorama, la candidata presidencial de Fuerza y Coraz\u00f3n por M\u00e9xico,<strong>\u00a0X\u00f3chitl G\u00e1lvez\u00a0<\/strong>Ruiz, buscar\u00e1<strong>\u00a0despedir a todos<\/strong>\u00a0los Servidores de la Naci\u00f3n en caso de<strong>\u00a0ganar las elecciones\u00a0<\/strong>el pr\u00f3ximo 2 de junio. As\u00ed lo dio a conocer uno de sus principales\u00a0<strong>asesores econ\u00f3micos<\/strong>, el priista\u00a0<strong>Fernando Galindo Favela<\/strong>, durante su participaci\u00f3n en un debate televisivo con el periodista Leo Zuckermann y el presidente nacional de Morena y coordinador de campa\u00f1a de Claudia Sheinbaum Pardo,<strong>\u00a0Mario Delgado\u00a0<\/strong>Carrillo.<\/p>\n\n\n\n<p>\u201cEl\u00a0<strong>costo de la pensi\u00f3n adicional\u00a0<\/strong>est\u00e1 entre<strong>\u00a040 y 50 mil millones de pesos al a\u00f1o<\/strong>, porque parte de los recursos que est\u00e1n en el programa de atenci\u00f3n de adultos mayores se va a pagar la\u00a0<strong>n\u00f3mina<\/strong>\u00a0de los Servidores de la Naci\u00f3n. Eso lo vamos a quitar nosotros, se van\u201d, advirti\u00f3 el economista.<\/p>\n\n\n\n<p>Es importante recordar que tanto los programas sociales, como las pensiones, como los Servidores de la Naci\u00f3n est\u00e1n a cargo de la Secretar\u00eda del Bienestar, comandada por Ariadna Montiel Reyes, por ello, los&nbsp;<strong>recursos para apoyos y las n\u00f3minas<\/strong>&nbsp;vienen directo del<strong>&nbsp;Gobierno de M\u00e9xico<\/strong>. De acuerdo con<em>&nbsp;La Jornada<\/em>, un Servidor de la Naci\u00f3n \u2018de a pie\u2019 gana mensualmente&nbsp;<strong>9 mil 700 pesos<\/strong>&nbsp;(antes de impuestos), aunque el sueldo de un Director Regional de estos funcionarios percibe mensualmente<strong>&nbsp;hasta 50 mil pesos<\/strong>&nbsp;(ya despu\u00e9s de los impuestos).<\/p>\n\n\n\n<p>\u201cEso es un&nbsp;<strong>costo operativo importante<\/strong>&nbsp;que est<strong>\u00e1 dentro del presupuesto de la pensi\u00f3n<\/strong>, no se va a afectar en ning\u00fan momento la&nbsp;<strong>Pensi\u00f3n Universal de los Adultos Mayores<\/strong>, pero s\u00ed vamos a cambiar el gasto operativo, porque lo que ha hecho Morena es esconder el gasto corriente en los programas y parece que est\u00e1n invirtiendo en subsidios cuando realmente lo est\u00e1n pagando en n\u00f3mina y en tema de operaci\u00f3n pol\u00edtica\u201d, dijo el economista.<\/p>\n\n\n\n<p>El asesor de X\u00f3chitl G\u00e1lvez advirti\u00f3 que si no se elimina pronto el&nbsp;<strong>gasto millonario<\/strong>&nbsp;que los Servidores de la Naci\u00f3n representan, la&nbsp;<strong>pensi\u00f3n para adultos mayores ya no podr\u00e1 ser sostenible a largo plazo<\/strong>&nbsp;y eso orillar\u00e1 al gobierno a<strong>&nbsp;recortar presupuesto<\/strong>&nbsp;en otros rubros o a&nbsp;<strong>buscar dinero de otros sectores<\/strong>, como las&nbsp;<strong>Afores<\/strong>. \u201cHay que hacer una&nbsp;<strong>reingenier\u00eda del gasto p\u00fablico<\/strong>. Si Morena contin\u00faa haciendo lo mismo, no hay manera de continuar con este nivel de gasto p\u00fablico, tendr\u00edan que eliminar casi 80 por ciento de las Secretar\u00edas de Estado o endeudarse m\u00e1s. Hay que tener cuidado, porque ya empiezan a echarle ojo a las&nbsp;<strong>pensiones<\/strong>\u201d, dijo.<\/p>\n\n\n\n<p>Al respecto, el l\u00edder nacional de Morena y representante de la alianza Sigamos Haciendo Historia apunt\u00f3 que lo dicho por Galindo Favela confirma que<strong>\u00a0a la derecha no le gustan las pol\u00edticas p\u00fablicas en favor de la gente<\/strong>. Desminti\u00f3 que la reforma para crear el\u00a0<strong>Fondo de Pensiones para el Bienestar\u00a0<\/strong>vaya a quitarle sus ahorros en Afores a los trabajadores, sino que ayudar\u00e1 a que gran parte de \u00e9stos puedan tener una pensi\u00f3n justa cuando se retiren. \u201cLos\u00a0<strong>programas sociales se quedan<\/strong>, pero\u00a0<strong>la corrupci\u00f3n no regresa<\/strong>\u201d, sentenci\u00f3 el morenista.<\/p>\n\n\n\n<p><\/p>\n","protected":false},"excerpt":{"rendered":"<p>El gobierno de Andr\u00e9s Manuel L\u00f3pez Obrador implement\u00f3 una estrategia para\u00a0acercar los programas sociales\u00a0a las\u00a0comunidades m\u00e1s alejadas\u00a0mediante los\u00a0Servidores de la Naci\u00f3n, personas contratadas por la\u00a0Secretar\u00eda del Bienestar\u00a0que adem\u00e1s de promover los apoyos tambi\u00e9n se encargan de la organizaci\u00f3n y coordinaci\u00f3n de su entrega sin intermediarios. Esta figura ha sido severamente&nbsp;criticada por la oposici\u00f3n&nbsp;debido a que [&hellip;]<\/p>\n","protected":false},"author":1,"featured_media":10021,"comment_status":"open","ping_status":"open","sticky":false,"template":"","format":"standard","meta":{"content-type":"","footnotes":""},"categories":[123],"tags":[],"class_list":{"0":"post-10020","1":"post","2":"type-post","3":"status-publish","4":"format-standard","5":"has-post-thumbnail","7":"category-elecciones2024"},"_links":{"self":[{"href":"https:\/\/www.regioncuatronoticias.com\/index.php\/wp-json\/wp\/v2\/posts\/10020","targetHints":{"allow":["GET"]}}],"collection":[{"href":"https:\/\/www.regioncuatronoticias.com\/index.php\/wp-json\/wp\/v2\/posts"}],"about":[{"href":"https:\/\/www.regioncuatronoticias.com\/index.php\/wp-json\/wp\/v2\/types\/post"}],"author":[{"embeddable":true,"href":"https:\/\/www.regioncuatronoticias.com\/index.php\/wp-json\/wp\/v2\/users\/1"}],"replies":[{"embeddable":true,"href":"https:\/\/www.regioncuatronoticias.com\/index.php\/wp-json\/wp\/v2\/comments?post=10020"}],"version-history":[{"count":1,"href":"https:\/\/www.regioncuatronoticias.com\/index.php\/wp-json\/wp\/v2\/posts\/10020\/revisions"}],"predecessor-version":[{"id":10022,"href":"https:\/\/www.regioncuatronoticias.com\/index.php\/wp-json\/wp\/v2\/posts\/10020\/revisions\/10022"}],"wp:featuredmedia":[{"embeddable":true,"href":"https:\/\/www.regioncuatronoticias.com\/index.php\/wp-json\/wp\/v2\/media\/10021"}],"wp:attachment":[{"href":"https:\/\/www.regioncuatronoticias.com\/index.php\/wp-json\/wp\/v2\/media?parent=10020"}],"wp:term":[{"taxonomy":"category","embeddable":true,"href":"https:\/\/www.regioncuatronoticias.com\/index.php\/wp-json\/wp\/v2\/categories?post=10020"},{"taxonomy":"post_tag","embeddable":true,"href":"https:\/\/www.regioncuatronoticias.com\/index.php\/wp-json\/wp\/v2\/tags?post=10020"}],"curies":[{"name":"wp","href":"https:\/\/api.w.org\/{rel}","templated":true}]}}