{"id":10013,"date":"2024-04-24T10:29:33","date_gmt":"2024-04-24T17:29:33","guid":{"rendered":"https:\/\/www.regioncuatronoticias.com\/?p=10013"},"modified":"2024-04-24T10:29:36","modified_gmt":"2024-04-24T17:29:36","slug":"las-campanas-en-sonora-suben-de-tono","status":"publish","type":"post","link":"https:\/\/www.regioncuatronoticias.com\/index.php\/2024\/04\/24\/las-campanas-en-sonora-suben-de-tono\/","title":{"rendered":"Las campa\u00f1as en Sonora suben de tono"},"content":{"rendered":"\n<p><strong>Columna Encuadre<\/strong><\/p>\n\n\n\n<p><strong>Jos\u00e9 Felipe Medina<\/strong><\/p>\n\n\n\n<p><strong>&nbsp;Las campa\u00f1as en Sonora suben de tono<\/strong><\/p>\n\n\n\n<p><strong>Mi\u00e9rcoles 24 de abril de 2024<\/strong><\/p>\n\n\n\n<p>Si cre\u00edamos que las campa\u00f1as en Sonora transcurrir\u00edan l\u00e1nguidamente, sin sobresaltos, sin se\u00f1alamientos y un tanto \u201cguangas\u201d, creo que fuimos demasiado ingenuos y\/o confiados en el buen comportamiento de los diferentes actores partidistas.<\/p>\n\n\n\n<p>Lo que est\u00e1 en juego, el poder, provoc\u00f3 que la civilidad y el compromiso de todos por unas elecciones limpias, de propuestas, maravillosamente decentes, quedaran atr\u00e1s.<\/p>\n\n\n\n<p>Dos muestras: la presencia en la Entidad de Manuel Espino Barrientos, de non gratos recuerdos para los panistas de a deveras en Sonora, y de Javier Corral, exgobernador de Chihuahua, vino a alborotar el cotarro con una serie de dimes y diretes contra el candidato al Senado por el Prianrd, Manlio Fabio Beltrones. Como quien dice, vinieron a hacerle mont\u00f3n. Una especie de TUCOM (Todos Unidos Contra Manlio).<\/p>\n\n\n\n<p>Ya al inicio de las campa\u00f1as federales, C\u00e9lida L\u00f3pez, candidata al Senado por el Partido del Trabajo, representante y fiel ejecutante del Plan C del presidente L\u00f3pez Obrador, le hab\u00eda puesto el cascabel al gato para descarrilar la candidatura de Beltrones, un tanto fallidamente. Quiz\u00e1 como \u201cno peg\u00f3 el chicle\u201d, se trajeron a dos \u201cpesos pesados\u201d de la pol\u00edtica nacional para encargarse del asunto.<\/p>\n\n\n\n<p>El caso es que tanto Espino como Corral, dos controvertidos expanistas, ahora convertidos al morenismo, vinieron a Sonora a \u201cpartirle su mandarina en gajos\u201d a don Manlio. Obvio, no se fueron sin la respuesta. De ambos lados, se acusaron de todo. Seguramente Usted, cibern\u00e9tico lector, informada lectora, a estas alturas ya estar\u00e1n enterados al trav\u00e9s de las benditas y malditas redes sociales, de lo que se dijeron. Nada bueno, por supuesto. Se dieron hasta con la cubeta.<\/p>\n\n\n\n<p>Por cierto, quien la sufri\u00f3 m\u00e1s fue el exgobernador chihuahuense, Javier Corral, quien en un foro celebrado en Ciudad Obreg\u00f3n, titulado ir\u00f3nicamente \u201cRetos en el combate a la corrupci\u00f3n\u201d, repentina y casualmente (ja) se le apareci\u00f3 Cristopher James Barousse, exdirector del Instituto Chihuahuense de la Juventud en el sexenio del pri\u00edsta C\u00e9sar Duarte, quien le reclam\u00f3 airadamente en p\u00fablico, haberle recluido en la c\u00e1rcel por varios a\u00f1os, al haber sido acusado de mal uso de dinero p\u00fablico.<\/p>\n\n\n\n<p>\u201c\u00a1T\u00fa me perseguiste, me se\u00f1alaste, me encarcelaste, me torturaste y sal\u00ed absuelto!\u201d, le dijo James Barousse a Javier Corral a voz en cuello, en su cara.<\/p>\n\n\n\n<p>Obvio, en redes, el exgobernador chihuahuense acus\u00f3 a Beltrones, con todo y su \u201cva que va\u201d, de haberle mandado a su \u201cpandillero\u201d para increparlo, acusando de paso que ambos estaban en la \u201cn\u00f3mina secreta\u201d de Duarte.&nbsp; Todo un chismer\u00edo.<\/p>\n\n\n\n<p>Tampoco Manuel Espino se fue sin salir raspado. Fue la propia Lilly T\u00e9llez, la compa\u00f1era de f\u00f3rmula de Don Beltrones al Senado, quien le record\u00f3 al expanista su comparecencia ante el Senado de la Rep\u00fablica en el 2022, en donde supuestamente reconoci\u00f3 la posibilidad de realizar un narco-pacto entre el Gobierno Federal y el crimen organizado, \u201catendiendo sus intereses, tambi\u00e9n. Que los tienen\u201d.<\/p>\n\n\n\n<p>Total: el color de las campa\u00f1as va subiendo de tono, e invariablemente, a querer y no, Beltrones en el centro de ello. Insisto: los mejores propagandistas del priista son los mismos morenistas. No s\u00e9 a qui\u00e9n diablos se le ocurri\u00f3 traer a Espino y a Corral para lanzarlos contra \u00e9l. Mala t\u00e1ctica.<\/p>\n\n\n\n<p>Como bien dice el dicho: \u201cpara tener la lengua larga hay que tener la cola corta\u201d. Y en pol\u00edtica, m\u00e1s. Y bueno, en honor a la verdad, ninguno de los tres la tiene.<\/p>\n\n\n\n<p>Y a prop\u00f3sito de priistas. Quien pas\u00f3 el coraje de su vida fue el dirigente estatal del tricolor, Rogelio D\u00edaz Brown, tras asimilar la renuncia al expartidazo de dos integrantes del comit\u00e9 municipal en Huatabampo, quienes se encabritaron por la designaci\u00f3n del panista Ram\u00f3n \u201cEl Chavalo\u201d D\u00edaz, como candidato de la coalici\u00f3n \u201cFuerza y Coraz\u00f3n por M\u00e9xico\u201d a la alcald\u00eda.<\/p>\n\n\n\n<p>Lo peor para D\u00edaz Brown y sus huestes es que ahora los expri\u00edstas huatabampenses pasaron a engrosar las filas de Beto V\u00e1squez, candidato petista a la alcald\u00eda por ese mismo municipio. Lamueltechico.<\/p>\n\n\n\n<p>Qu\u00e9 bueno que a Kiki D\u00edaz Brown (s\u00ed, pariente de Rogelio) le hizo justicia el tribunal electoral o quien haya sido, para cumplir su aspiraci\u00f3n de asumir como diputada local, ante la renuncia de Natalia Rivera, contendiente ahora a la alcald\u00eda de Hermosillo por Movimiento Ciudadano. Por otro lado, qu\u00e9 malo que su partido le otorg\u00f3 (oootra vez) una candidatura a diputada local por Cajeme. A qu\u00e9 hora legislar\u00e1 a favor de los sonorenses si tendr\u00e1 que hacer campa\u00f1a? Vaya dilema.<\/p>\n\n\n\n<p>En tanto, conforme pase el tiempo, la huelga en la Universidad de Sonora tender\u00e1 a complicarse. D\u00edgalo que se los dijo un loco. Quienes le apuesten al desgaste de los sindicatos est\u00e1n sumamente equivocados. Dos botones: 1). Informes que llegan a este despacho nos hacen ver que la dirigencia del Sindicato de Trabajadores y Empleados de nuestra m\u00e1xima casa de estudios, encabezada por Lourdes Rojas, ya anda en la Ciudad de M\u00e9xico en busca de apoyo del Gobierno Federal, ante la incapacidad de las autoridades a nivel local por resolver sus demandas. 2). El Consejo Sindical Permanente, mismo que aglutina a varios sindicatos importantes, ya dio a conocer que van con todo en apoyo a sus hermanos sindicalizados del STEUS.<\/p>\n\n\n\n<p>No tardan en salir los estudiantes a la protesta de rigor. Unos en solidaridad con los sindicatos, y otros, por la reanudaci\u00f3n de clases. De librito.<\/p>\n\n\n\n<p>Por lo dem\u00e1s, estrategia in\u00fatil y fallida de qui\u00e9n haya sido, dar a conocer en redes sociales y en algunas columnas period\u00edsticas, supuesto sueldo de la rectora de la UniSon, Rita Plancarte, como un ejemplo de presunto dispendio de recursos de las autoridades universitarias. No es por ah\u00ed. Son m\u00e1s ganas de joder que de resolver la huelga.<\/p>\n\n\n\n<p>Encuadre social: un saludo desde estos p\u00e1rrafos al buen amigo V\u00edctor Valdez, del meritito Cajeme, uno de mis cuatro lectores y ferviente defensor de los candidatos de la coalici\u00f3n \u201cFuerza y Coraz\u00f3n por M\u00e9xico\u201d. Intercambio de bromas, puntos de vista, an\u00e9cdotas y el sufrimiento de haber visto empatar a nuestro Am\u00e9rica, en la Concachampions. Anfitrion\u00eda de mi cu\u00f1ado y compadre, Rodrigo Andrade y de mi hermanita Diana Alicia. La pr\u00f3xima semana nos desquitamos en el mero gallinero del Pachuca, carnita asada de por medio. Confiemos.<\/p>\n\n\n\n<p>IN PROXIMUM<\/p>\n\n\n\n<p><strong>&nbsp;Me puedes seguir en FB: Jos\u00e9 Felipe Medina<\/strong><\/p>\n\n\n\n<p><strong>Tambi\u00e9n en X (antes Twitter): @josefe31<\/strong><\/p>\n\n\n\n<p><strong>Correo electr\u00f3nico: josefe31@hotmail.com<\/strong><\/p>\n\n\n\n<p><strong>FMINFORMATIVO.COM<\/strong><\/p>\n","protected":false},"excerpt":{"rendered":"<p>Columna Encuadre Jos\u00e9 Felipe Medina &nbsp;Las campa\u00f1as en Sonora suben de tono Mi\u00e9rcoles 24 de abril de 2024 Si cre\u00edamos que las campa\u00f1as en Sonora transcurrir\u00edan l\u00e1nguidamente, sin sobresaltos, sin se\u00f1alamientos y un tanto \u201cguangas\u201d, creo que fuimos demasiado ingenuos y\/o confiados en el buen comportamiento de los diferentes actores partidistas. Lo que est\u00e1 en [&hellip;]<\/p>\n","protected":false},"author":1,"featured_media":10015,"comment_status":"open","ping_status":"open","sticky":false,"template":"","format":"standard","meta":{"content-type":"","footnotes":""},"categories":[122],"tags":[],"class_list":{"0":"post-10013","1":"post","2":"type-post","3":"status-publish","4":"format-standard","5":"has-post-thumbnail","7":"category-jose-felipe-medina"},"_links":{"self":[{"href":"https:\/\/www.regioncuatronoticias.com\/index.php\/wp-json\/wp\/v2\/posts\/10013","targetHints":{"allow":["GET"]}}],"collection":[{"href":"https:\/\/www.regioncuatronoticias.com\/index.php\/wp-json\/wp\/v2\/posts"}],"about":[{"href":"https:\/\/www.regioncuatronoticias.com\/index.php\/wp-json\/wp\/v2\/types\/post"}],"author":[{"embeddable":true,"href":"https:\/\/www.regioncuatronoticias.com\/index.php\/wp-json\/wp\/v2\/users\/1"}],"replies":[{"embeddable":true,"href":"https:\/\/www.regioncuatronoticias.com\/index.php\/wp-json\/wp\/v2\/comments?post=10013"}],"version-history":[{"count":1,"href":"https:\/\/www.regioncuatronoticias.com\/index.php\/wp-json\/wp\/v2\/posts\/10013\/revisions"}],"predecessor-version":[{"id":10016,"href":"https:\/\/www.regioncuatronoticias.com\/index.php\/wp-json\/wp\/v2\/posts\/10013\/revisions\/10016"}],"wp:featuredmedia":[{"embeddable":true,"href":"https:\/\/www.regioncuatronoticias.com\/index.php\/wp-json\/wp\/v2\/media\/10015"}],"wp:attachment":[{"href":"https:\/\/www.regioncuatronoticias.com\/index.php\/wp-json\/wp\/v2\/media?parent=10013"}],"wp:term":[{"taxonomy":"category","embeddable":true,"href":"https:\/\/www.regioncuatronoticias.com\/index.php\/wp-json\/wp\/v2\/categories?post=10013"},{"taxonomy":"post_tag","embeddable":true,"href":"https:\/\/www.regioncuatronoticias.com\/index.php\/wp-json\/wp\/v2\/tags?post=10013"}],"curies":[{"name":"wp","href":"https:\/\/api.w.org\/{rel}","templated":true}]}}